{"id":963,"date":"2008-03-27T00:00:00","date_gmt":"2008-03-26T23:00:00","guid":{"rendered":"http:\/\/www.coaster.de\/wp\/?p=963"},"modified":"2008-03-27T00:00:00","modified_gmt":"2008-03-26T23:00:00","slug":"bbc-news-reporter-uber-wtc7","status":"publish","type":"post","link":"https:\/\/www.gruen-wald.de\/wordpress\/medien\/bbc-news-reporter-uber-wtc7\/","title":{"rendered":"BBC News-Reporter \u00fcber WTC7"},"content":{"rendered":"<p>Ein kleines Video als Follow-Up zu <a href='\/modules\/news\/article.php?storyid=479'>diesem Beitrag<\/a> hab ich heute anzubieten. Nicht viel Neues, aber trotzdem sch\u00f6n, die Leute rund um das mysteri\u00f6se BBC-Video mal pers\u00f6nlich zu h\u00f6ren.<\/p>\n<p align=center><object width='425' height='355'><param name='movie' value='http:\/\/www.youtube.com\/v\/BzMlFFQ2oqQ&#038;hl=en'><\/param><param name='wmode' value='transparent'><\/param><embed src='http:\/\/www.youtube.com\/v\/BzMlFFQ2oqQ&#038;hl=en' type='application\/x-shockwave-flash' wmode='transparent' width='425' height='355'><\/embed><\/object><\/p>\n","protected":false},"excerpt":{"rendered":"<p>Ein kleines Video als Follow-Up zu diesem Beitrag hab ich heute anzubieten. Nicht viel Neues, aber trotzdem sch\u00f6n, die Leute&hellip;<\/p>\n","protected":false},"author":1,"featured_media":0,"comment_status":"open","ping_status":"open","sticky":false,"template":"","format":"standard","meta":{"footnotes":"","_links_to":"","_links_to_target":""},"categories":[12],"tags":[450,451,452,3563],"class_list":["post-963","post","type-post","status-publish","format-standard","hentry","category-medien","tag-bbc","tag-bbc-news","tag-bbc-video","tag-news-reporter"],"_links":{"self":[{"href":"https:\/\/www.gruen-wald.de\/wordpress\/wp-json\/wp\/v2\/posts\/963","targetHints":{"allow":["GET"]}}],"collection":[{"href":"https:\/\/www.gruen-wald.de\/wordpress\/wp-json\/wp\/v2\/posts"}],"about":[{"href":"https:\/\/www.gruen-wald.de\/wordpress\/wp-json\/wp\/v2\/types\/post"}],"author":[{"embeddable":true,"href":"https:\/\/www.gruen-wald.de\/wordpress\/wp-json\/wp\/v2\/users\/1"}],"replies":[{"embeddable":true,"href":"https:\/\/www.gruen-wald.de\/wordpress\/wp-json\/wp\/v2\/comments?post=963"}],"version-history":[{"count":0,"href":"https:\/\/www.gruen-wald.de\/wordpress\/wp-json\/wp\/v2\/posts\/963\/revisions"}],"wp:attachment":[{"href":"https:\/\/www.gruen-wald.de\/wordpress\/wp-json\/wp\/v2\/media?parent=963"}],"wp:term":[{"taxonomy":"category","embeddable":true,"href":"https:\/\/www.gruen-wald.de\/wordpress\/wp-json\/wp\/v2\/categories?post=963"},{"taxonomy":"post_tag","embeddable":true,"href":"https:\/\/www.gruen-wald.de\/wordpress\/wp-json\/wp\/v2\/tags?post=963"}],"curies":[{"name":"wp","href":"https:\/\/api.w.org\/{rel}","templated":true}]}}