{"id":909,"date":"2008-02-02T00:00:00","date_gmt":"2008-02-01T23:00:00","guid":{"rendered":"http:\/\/www.coaster.de\/wp\/?p=909"},"modified":"2008-02-02T00:00:00","modified_gmt":"2008-02-01T23:00:00","slug":"usa-hebeln-postgeheimnis-aus","status":"publish","type":"post","link":"https:\/\/www.gruen-wald.de\/wordpress\/internet-co\/usa-hebeln-postgeheimnis-aus\/","title":{"rendered":"USA hebeln Postgeheimnis aus"},"content":{"rendered":"<p><i>Der ehemalige Beamte des Verfassungsschutzes Klaus-Dieter Matschke warnt vor Pl\u00e4nen der USA, Informationen \u00fcber Absender und Empf\u00e4nger von Briefen und Paketen vier Stunden vor dem Eintreffen in Amerika elektronisch \u00fcbermittelt bekommen. Dar\u00fcber berichtete stern.de und verweist auf einen nicht-\u00f6ffentlichen Bericht der Bundesregierung, der auch Telepolis vorliegt. In dem Bericht hei\u00dft es, es &#8218;wurde erkennbar, dass die USA \u00fcber eine \u00c4nderung der bisherigen Praxis nachdenken. Im Rahmen des Postal Accountability and Enhancement Act (PAEA) strebt der US-Zoll eine Gleichbehandlung von Post- und Expresssendungen an.&#8216;<\/i> Weiter bei <a href=http:\/\/www.heise.de\/tp\/r4\/artikel\/27\/27487\/1.html>Telepolis<\/a>.<\/p>\n","protected":false},"excerpt":{"rendered":"<p>Der ehemalige Beamte des Verfassungsschutzes Klaus-Dieter Matschke warnt vor Pl\u00e4nen der USA, Informationen \u00fcber Absender und Empf\u00e4nger von Briefen und&hellip;<\/p>\n","protected":false},"author":1,"featured_media":0,"comment_status":"open","ping_status":"open","sticky":false,"template":"","format":"standard","meta":{"footnotes":"","_links_to":"","_links_to_target":""},"categories":[11],"tags":[455,1246,1497,2805,3195],"class_list":["post-909","post","type-post","status-publish","format-standard","hentry","category-internet-co","tag-beamte","tag-dieter","tag-enhancement","tag-klaus","tag-matschke"],"_links":{"self":[{"href":"https:\/\/www.gruen-wald.de\/wordpress\/wp-json\/wp\/v2\/posts\/909","targetHints":{"allow":["GET"]}}],"collection":[{"href":"https:\/\/www.gruen-wald.de\/wordpress\/wp-json\/wp\/v2\/posts"}],"about":[{"href":"https:\/\/www.gruen-wald.de\/wordpress\/wp-json\/wp\/v2\/types\/post"}],"author":[{"embeddable":true,"href":"https:\/\/www.gruen-wald.de\/wordpress\/wp-json\/wp\/v2\/users\/1"}],"replies":[{"embeddable":true,"href":"https:\/\/www.gruen-wald.de\/wordpress\/wp-json\/wp\/v2\/comments?post=909"}],"version-history":[{"count":0,"href":"https:\/\/www.gruen-wald.de\/wordpress\/wp-json\/wp\/v2\/posts\/909\/revisions"}],"wp:attachment":[{"href":"https:\/\/www.gruen-wald.de\/wordpress\/wp-json\/wp\/v2\/media?parent=909"}],"wp:term":[{"taxonomy":"category","embeddable":true,"href":"https:\/\/www.gruen-wald.de\/wordpress\/wp-json\/wp\/v2\/categories?post=909"},{"taxonomy":"post_tag","embeddable":true,"href":"https:\/\/www.gruen-wald.de\/wordpress\/wp-json\/wp\/v2\/tags?post=909"}],"curies":[{"name":"wp","href":"https:\/\/api.w.org\/{rel}","templated":true}]}}