{"id":906,"date":"2008-01-30T00:00:00","date_gmt":"2008-01-29T23:00:00","guid":{"rendered":"http:\/\/www.coaster.de\/wp\/?p=906"},"modified":"2008-01-30T00:00:00","modified_gmt":"2008-01-29T23:00:00","slug":"auch-italiens-ex-staatsprasident-bricht-schweigen-zu-911","status":"publish","type":"post","link":"https:\/\/www.gruen-wald.de\/wordpress\/notiz\/auch-italiens-ex-staatsprasident-bricht-schweigen-zu-911\/","title":{"rendered":"Auch Italiens Ex-Staatspr\u00e4sident bricht Schweigen zu 9\/11"},"content":{"rendered":"<p><img loading=\"lazy\" decoding=\"async\" class=\"alignleft\" style=\"border: 0px none #000000;\" src=\"http:\/\/img137.imageshack.us\/img137\/2646\/1797546180x140yf4.jpg\" border=\"0\" alt=\"\" width=\"180\" height=\"140\" \/>Nach Yukihisa Fujita (siehe gestern) bricht nun auch der Ex-Staatspr\u00e4sident (!) Italiens, Francesco Cossiga, das Schweigen und sagt das, was &#8218;Verschw\u00f6rungstheoretiker&#8216; schon seit 7 Jahren wissen der Zeitung <a href=\"www.corriere.it\/politica\/07_novembre_30\/osama_berlusconi_cossiga_27f4ccee-9f55-11dc-8807-0003ba99c53b.shtml\">Corriere Della Sera<\/a>: <em>\u00abAngeblich soll bin Ladin die Angriffe des 11. September 2001 auf die beiden T\u00fcrme in New York zugegeben haben \u2013 dabei wissen alle Geheimdienste Amerikas und Europas sehr genau, dass dieser verh\u00e4ngnisvolle Angriff von der amerikanischen CIA und dem Mossad geplant und ausgef\u00fchrt wurde, um die arabischen L\u00e4nder des Terrorismus beschuldigen und den Irak und Afghanistan angreifen zu k\u00f6nnen.\u00bb<\/em> (<a href=\"http:\/\/www.zeit-fragen.ch\/ausgaben\/2007\/nr49-vom-10122007\/ex-staatspraesident-francesco-cossiga-911-war-eine-false-flag-operation-westlicher-geheimdienste\"><\/a>Quelle) Times? Post? Welt? Spiegel?<\/p>\n","protected":false},"excerpt":{"rendered":"<p>Nach Yukihisa Fujita (siehe gestern) bricht nun auch der Ex-Staatspr\u00e4sident (!) Italiens, Francesco Cossiga, das Schweigen und sagt das, was&hellip;<\/p>\n","protected":false},"author":1,"featured_media":0,"comment_status":"open","ping_status":"open","sticky":false,"template":"","format":"standard","meta":{"footnotes":"","_links_to":"","_links_to_target":""},"categories":[13],"tags":[22,997,1788,1860,4674],"class_list":["post-906","post","type-post","status-publish","format-standard","hentry","category-notiz","tag-11-september-2001","tag-corriere-della-sera","tag-francesco-cossiga","tag-fujita","tag-spiegel"],"_links":{"self":[{"href":"https:\/\/www.gruen-wald.de\/wordpress\/wp-json\/wp\/v2\/posts\/906","targetHints":{"allow":["GET"]}}],"collection":[{"href":"https:\/\/www.gruen-wald.de\/wordpress\/wp-json\/wp\/v2\/posts"}],"about":[{"href":"https:\/\/www.gruen-wald.de\/wordpress\/wp-json\/wp\/v2\/types\/post"}],"author":[{"embeddable":true,"href":"https:\/\/www.gruen-wald.de\/wordpress\/wp-json\/wp\/v2\/users\/1"}],"replies":[{"embeddable":true,"href":"https:\/\/www.gruen-wald.de\/wordpress\/wp-json\/wp\/v2\/comments?post=906"}],"version-history":[{"count":0,"href":"https:\/\/www.gruen-wald.de\/wordpress\/wp-json\/wp\/v2\/posts\/906\/revisions"}],"wp:attachment":[{"href":"https:\/\/www.gruen-wald.de\/wordpress\/wp-json\/wp\/v2\/media?parent=906"}],"wp:term":[{"taxonomy":"category","embeddable":true,"href":"https:\/\/www.gruen-wald.de\/wordpress\/wp-json\/wp\/v2\/categories?post=906"},{"taxonomy":"post_tag","embeddable":true,"href":"https:\/\/www.gruen-wald.de\/wordpress\/wp-json\/wp\/v2\/tags?post=906"}],"curies":[{"name":"wp","href":"https:\/\/api.w.org\/{rel}","templated":true}]}}