{"id":779,"date":"2007-09-25T00:00:00","date_gmt":"2007-09-24T23:00:00","guid":{"rendered":"http:\/\/www.coaster.de\/wp\/?p=779"},"modified":"2007-09-25T00:00:00","modified_gmt":"2007-09-24T23:00:00","slug":"gc-2007-video-special-3","status":"publish","type":"post","link":"https:\/\/www.gruen-wald.de\/wordpress\/artikel\/gc-2007-video-special-3\/","title":{"rendered":"GC 2007 Video-Special (3)"},"content":{"rendered":"<p>Die GC geh\u00f6rt bereits seit mehr als zwei Monaten der Vergangenheit an, doch meine Festplatte enth\u00e4lt immer noch stundenweise Filmmaterial von der gr\u00f6\u00dften Computerspiele-Messe. In Folge 3 des GC-Video-Specials, das bei Adventure-Treff.de erscheint, kommentiert Martin Gantef\u00f6hr das vor kurzem erschienene Overclocked und beantwortet die Frage, ob auch sein n\u00e4chstes Spiel wieder ein Adventure werden wird. Ausserdem pr\u00e4sentiert Marketing Director Djamil Kemal experience112.<\/p>\n<p align=center><embed id=VideoPlayback src=http:\/\/video.google.com\/googleplayer.swf?docId=-6152405886126408190&#038;hl=de&#038;fs=true style=width:400px;height:326px allowFullScreen=true allowScriptAccess=always type=application\/x-shockwave-flash> <\/embed><\/p>\n<p> Wie immer gibt es das Video in guter Aufl\u00f6sung auf der GC 2007 \u00dcbersichtsseite von <a href=http:\/\/www.adventure-treff.de\/artikel\/features\/gc2007.php>Adventure-Treff.de<\/a>.<\/p>\n","protected":false},"excerpt":{"rendered":"<p>Die GC geh\u00f6rt bereits seit mehr als zwei Monaten der Vergangenheit an, doch meine Festplatte enth\u00e4lt immer noch stundenweise Filmmaterial&hellip;<\/p>\n","protected":false},"author":1,"featured_media":0,"comment_status":"open","ping_status":"open","sticky":false,"template":"","format":"standard","meta":{"footnotes":"","_links_to":"","_links_to_target":""},"categories":[2],"tags":[127,2839,3153,5274,5440],"class_list":["post-779","post","type-post","status-publish","format-standard","hentry","category-artikel","tag-adventure-treff","tag-kommentiert","tag-marketing","tag-video-specials","tag-werden-wird"],"_links":{"self":[{"href":"https:\/\/www.gruen-wald.de\/wordpress\/wp-json\/wp\/v2\/posts\/779","targetHints":{"allow":["GET"]}}],"collection":[{"href":"https:\/\/www.gruen-wald.de\/wordpress\/wp-json\/wp\/v2\/posts"}],"about":[{"href":"https:\/\/www.gruen-wald.de\/wordpress\/wp-json\/wp\/v2\/types\/post"}],"author":[{"embeddable":true,"href":"https:\/\/www.gruen-wald.de\/wordpress\/wp-json\/wp\/v2\/users\/1"}],"replies":[{"embeddable":true,"href":"https:\/\/www.gruen-wald.de\/wordpress\/wp-json\/wp\/v2\/comments?post=779"}],"version-history":[{"count":0,"href":"https:\/\/www.gruen-wald.de\/wordpress\/wp-json\/wp\/v2\/posts\/779\/revisions"}],"wp:attachment":[{"href":"https:\/\/www.gruen-wald.de\/wordpress\/wp-json\/wp\/v2\/media?parent=779"}],"wp:term":[{"taxonomy":"category","embeddable":true,"href":"https:\/\/www.gruen-wald.de\/wordpress\/wp-json\/wp\/v2\/categories?post=779"},{"taxonomy":"post_tag","embeddable":true,"href":"https:\/\/www.gruen-wald.de\/wordpress\/wp-json\/wp\/v2\/tags?post=779"}],"curies":[{"name":"wp","href":"https:\/\/api.w.org\/{rel}","templated":true}]}}