{"id":778,"date":"2007-09-24T00:00:00","date_gmt":"2007-09-23T23:00:00","guid":{"rendered":"http:\/\/www.coaster.de\/wp\/?p=778"},"modified":"2007-09-24T00:00:00","modified_gmt":"2007-09-23T23:00:00","slug":"galaxy-erding-update","status":"publish","type":"post","link":"https:\/\/www.gruen-wald.de\/wordpress\/erlebniswelten\/galaxy-erding-update\/","title":{"rendered":"Galaxy Erding Update"},"content":{"rendered":"<p>Kurzes Updates aus dem Galaxy Erding: Die High Flyer-Rutsche ist wie bereits bekannt nun um die H\u00e4lfte gek\u00fcrzt worden. Allzu weit d\u00fcrften die Spr\u00fcnge damit dann nicht mehr sein. Hat mich aber eh gewundert, dass man diese M\u00f6rderbestie so durchgelassen hatte. Momentan h\u00e4ngt die verk\u00fcrzte Strecke aber noch frei in der Luft und hat keinen eigenen Zugang. Bei der Black Mamba (die weiterhin praktisch nicht &#8218;black&#8216; ist) l\u00e4uft jetzt Downtempo-Musik, was das Erlebnis definitiv etwas &#8217;spaciger&#8216; macht. Schade, dass die Rutsche im H\u00e4rtegrad aber nun mal nicht an Alpamare-Kollegen herankommt. Die Turborutsche war nun endlich auch offen. Macht definitiv viel Spa\u00df &#8211; aber die G-Kr\u00e4fte sind nicht halb so hoch, wie ich mir das erhofft hatte. Mein Rekord lag bei 3,8 Sekunden bei einer Strecke von rund 60m. Da hat&#8217;s mir aber die halbe Badehose in den After geschoben danach. ,-) Ab einer gewissen Geschwindigkeit und mit genug K\u00f6rperspannung f\u00e4ngt man an, im Auslaufbecken \u00fcber das Wasser zu flippern &#8211; tolles Gef\u00fchl. ,-) Ich verstehe immer noch nicht so ganz, warum man das Galaxy erst um 14 Uhr \u00f6ffnet. Ich war Punkt 14 Uhr drin und es war echt Wahnsinn, wie die Massen da bereits gewartet haben. Ich denke, eine \u00d6ffnung ab 12 Uhr w\u00fcrde das Galaxy auch vertragen und vielleicht sogar f\u00fcr noch mehr Kunden sorgen. Ansonsten hat sich seit dem letzten <a href=http:\/\/blog.coaster.de\/modules\/content\/?id=45>Bericht<\/a> nicht viel ver\u00e4ndert. Allerdings sind die Aufz\u00fcge jetzt vollst\u00e4ndig abgeschalten worden. Das ist schon ein bischen schade, weil die Idee fand ich toll. Aber es n\u00fctzt halt nichts, wenn man kein System hat, das unten die Reifenmitnehmer abf\u00e4ngt. Und f\u00fcr Magic Eye hat es eh nie Sinn gemacht, weil wenn unten drei Leute nur nen Einerreifen reinschmeissen und oben aber drei Leute einen Dreier brauchen, dann gibt&#8217;s nur Extrastau. Ich denke nicht, dass die Aufz\u00fcge nochmal in Betrieb genommen werden.<\/p>\n","protected":false},"excerpt":{"rendered":"<p>Kurzes Updates aus dem Galaxy Erding: Die High Flyer-Rutsche ist wie bereits bekannt nun um die H\u00e4lfte gek\u00fcrzt worden. Allzu&hellip;<\/p>\n","protected":false},"author":1,"featured_media":0,"comment_status":"open","ping_status":"open","sticky":false,"template":"","format":"standard","meta":{"footnotes":"","_links_to":"","_links_to_target":""},"categories":[5],"tags":[1327,1349,2318,2831,3101],"class_list":["post-778","post","type-post","status-publish","format-standard","hentry","category-erlebniswelten","tag-downtempo","tag-drin","tag-high-flyer","tag-kollegen","tag-magic-eye"],"_links":{"self":[{"href":"https:\/\/www.gruen-wald.de\/wordpress\/wp-json\/wp\/v2\/posts\/778","targetHints":{"allow":["GET"]}}],"collection":[{"href":"https:\/\/www.gruen-wald.de\/wordpress\/wp-json\/wp\/v2\/posts"}],"about":[{"href":"https:\/\/www.gruen-wald.de\/wordpress\/wp-json\/wp\/v2\/types\/post"}],"author":[{"embeddable":true,"href":"https:\/\/www.gruen-wald.de\/wordpress\/wp-json\/wp\/v2\/users\/1"}],"replies":[{"embeddable":true,"href":"https:\/\/www.gruen-wald.de\/wordpress\/wp-json\/wp\/v2\/comments?post=778"}],"version-history":[{"count":0,"href":"https:\/\/www.gruen-wald.de\/wordpress\/wp-json\/wp\/v2\/posts\/778\/revisions"}],"wp:attachment":[{"href":"https:\/\/www.gruen-wald.de\/wordpress\/wp-json\/wp\/v2\/media?parent=778"}],"wp:term":[{"taxonomy":"category","embeddable":true,"href":"https:\/\/www.gruen-wald.de\/wordpress\/wp-json\/wp\/v2\/categories?post=778"},{"taxonomy":"post_tag","embeddable":true,"href":"https:\/\/www.gruen-wald.de\/wordpress\/wp-json\/wp\/v2\/tags?post=778"}],"curies":[{"name":"wp","href":"https:\/\/api.w.org\/{rel}","templated":true}]}}