{"id":757,"date":"2007-09-03T00:00:00","date_gmt":"2007-09-02T23:00:00","guid":{"rendered":"http:\/\/www.coaster.de\/wp\/?p=757"},"modified":"2007-09-03T00:00:00","modified_gmt":"2007-09-02T23:00:00","slug":"911-expert-week-theologie-david-ray-griffin-vii","status":"publish","type":"post","link":"https:\/\/www.gruen-wald.de\/wordpress\/bildung\/911-expert-week-theologie-david-ray-griffin-vii\/","title":{"rendered":"9\/11-Expert Week: Theologie &#8211; David Ray Griffin (VII)"},"content":{"rendered":"<p>Ich h\u00e4tte noch viele weitere Experten zu pr\u00e4sentieren (gerne kann ich dazu sp\u00e4ter noch weitere Videos und Links posten), aber ich m\u00f6chte den letzten Tag der Expert-Week doch noch mal f\u00fcr einen philosophischen Abschluss nutzen. Erneut David Ray Griffin, zugegeben &#8211; aber diese Rede find ich in der Hinsicht interessant, weil er sich ganz konkret an Europa wendet und es um Mithilfe bei dem Kampf gegen die eingesetzte US-Regierung bittet. Wir beenden also die Woche so, wie wir sie angefangen haben. Der Vortrag ist leicht verst\u00e4ndlich und dreht sich um die Frage, ob die Wahrheit um 9\/11 \u00fcberhaupt aufgedeckt werden soll. Ich denke, dieses Thema ist damt ein (vorl\u00e4ufig) gutes Schlusswort:<\/p>\n<p align=center><embed id=VideoPlayback src=http:\/\/video.google.com\/googleplayer.swf?docId=8119854514684528700&#038;hl=de&#038;fs=true style=width:400px;height:326px allowFullScreen=true allowScriptAccess=always type=application\/x-shockwave-flash> <\/embed><\/p>\n","protected":false},"excerpt":{"rendered":"<p>Ich h\u00e4tte noch viele weitere Experten zu pr\u00e4sentieren (gerne kann ich dazu sp\u00e4ter noch weitere Videos und Links posten), aber&hellip;<\/p>\n","protected":false},"author":1,"featured_media":0,"comment_status":"open","ping_status":"open","sticky":false,"template":"","format":"standard","meta":{"footnotes":"","_links_to":"","_links_to_target":""},"categories":[3],"tags":[87,1129,1132,2517,4122],"class_list":["post-757","post","type-post","status-publish","format-standard","hentry","category-bildung","tag-abschluss","tag-david-griffin","tag-david-ray-griffin","tag-interessant","tag-rede"],"_links":{"self":[{"href":"https:\/\/www.gruen-wald.de\/wordpress\/wp-json\/wp\/v2\/posts\/757","targetHints":{"allow":["GET"]}}],"collection":[{"href":"https:\/\/www.gruen-wald.de\/wordpress\/wp-json\/wp\/v2\/posts"}],"about":[{"href":"https:\/\/www.gruen-wald.de\/wordpress\/wp-json\/wp\/v2\/types\/post"}],"author":[{"embeddable":true,"href":"https:\/\/www.gruen-wald.de\/wordpress\/wp-json\/wp\/v2\/users\/1"}],"replies":[{"embeddable":true,"href":"https:\/\/www.gruen-wald.de\/wordpress\/wp-json\/wp\/v2\/comments?post=757"}],"version-history":[{"count":0,"href":"https:\/\/www.gruen-wald.de\/wordpress\/wp-json\/wp\/v2\/posts\/757\/revisions"}],"wp:attachment":[{"href":"https:\/\/www.gruen-wald.de\/wordpress\/wp-json\/wp\/v2\/media?parent=757"}],"wp:term":[{"taxonomy":"category","embeddable":true,"href":"https:\/\/www.gruen-wald.de\/wordpress\/wp-json\/wp\/v2\/categories?post=757"},{"taxonomy":"post_tag","embeddable":true,"href":"https:\/\/www.gruen-wald.de\/wordpress\/wp-json\/wp\/v2\/tags?post=757"}],"curies":[{"name":"wp","href":"https:\/\/api.w.org\/{rel}","templated":true}]}}