{"id":72,"date":"2005-10-17T16:21:00","date_gmt":"2005-10-17T15:21:00","guid":{"rendered":"http:\/\/blog.coaster.de\/?p=72"},"modified":"2005-10-17T16:21:00","modified_gmt":"2005-10-17T15:21:00","slug":"14-jahriger-konstruiert-holzachterbahn-fertig","status":"publish","type":"post","link":"https:\/\/www.gruen-wald.de\/wordpress\/notiz\/14-jahriger-konstruiert-holzachterbahn-fertig\/","title":{"rendered":"14-j\u00e4hriger konstruiert Holzachterbahn fertig!"},"content":{"rendered":"<p>Kaum zu glauben, aber der 14-j\u00e4hrigen David Mo\u00dfmann durfte seine selbst erschaffte Achterbahn nun doch noch aufbauen. Zun\u00e4chst hatte ihm das das Ordnungsamt verboten. Urspr\u00fcnglich sollte die Achterbahn im Garten der Tante stehen.<\/p>\n<p>Bevor der Hobbyschreiner jedoch seine Konstruktion wieder komplett abreisen musste, sprang der Europa Park ein und lie\u00df das immerhin 100 Meter lange Holz-Unget\u00fcm auf seinen Grund erbauen.<\/p>\n<p align=\"center\">\n<p><a href=\"http:\/\/img390.imageshack.us\/my.php?image=epachter68tl.jpg\" target=\"_blank\" rel=\"noopener noreferrer\"><img decoding=\"async\" src=\"http:\/\/img390.imageshack.us\/img390\/7923\/epachter68tl.th.jpg\" border=\"0\" alt=\"Free Image Hosting at www.ImageShack.us\" \/><\/a><\/p>\n","protected":false},"excerpt":{"rendered":"<p>Kaum zu glauben, aber der 14-j\u00e4hrigen David Mo\u00dfmann durfte seine selbst erschaffte Achterbahn nun doch noch aufbauen. Zun\u00e4chst hatte ihm&hellip;<\/p>\n","protected":false},"author":1,"featured_media":0,"comment_status":"open","ping_status":"open","sticky":false,"template":"","format":"standard","meta":{"footnotes":"","_links_to":"","_links_to_target":""},"categories":[13],"tags":[],"class_list":["post-72","post","type-post","status-publish","format-standard","hentry","category-notiz"],"_links":{"self":[{"href":"https:\/\/www.gruen-wald.de\/wordpress\/wp-json\/wp\/v2\/posts\/72"}],"collection":[{"href":"https:\/\/www.gruen-wald.de\/wordpress\/wp-json\/wp\/v2\/posts"}],"about":[{"href":"https:\/\/www.gruen-wald.de\/wordpress\/wp-json\/wp\/v2\/types\/post"}],"author":[{"embeddable":true,"href":"https:\/\/www.gruen-wald.de\/wordpress\/wp-json\/wp\/v2\/users\/1"}],"replies":[{"embeddable":true,"href":"https:\/\/www.gruen-wald.de\/wordpress\/wp-json\/wp\/v2\/comments?post=72"}],"version-history":[{"count":0,"href":"https:\/\/www.gruen-wald.de\/wordpress\/wp-json\/wp\/v2\/posts\/72\/revisions"}],"wp:attachment":[{"href":"https:\/\/www.gruen-wald.de\/wordpress\/wp-json\/wp\/v2\/media?parent=72"}],"wp:term":[{"taxonomy":"category","embeddable":true,"href":"https:\/\/www.gruen-wald.de\/wordpress\/wp-json\/wp\/v2\/categories?post=72"},{"taxonomy":"post_tag","embeddable":true,"href":"https:\/\/www.gruen-wald.de\/wordpress\/wp-json\/wp\/v2\/tags?post=72"}],"curies":[{"name":"wp","href":"https:\/\/api.w.org\/{rel}","templated":true}]}}