{"id":718,"date":"2007-07-26T00:00:00","date_gmt":"2007-07-25T23:00:00","guid":{"rendered":"http:\/\/www.coaster.de\/wp\/?p=718"},"modified":"2007-07-26T00:00:00","modified_gmt":"2007-07-25T23:00:00","slug":"das-reuth-den-graven","status":"publish","type":"post","link":"https:\/\/www.gruen-wald.de\/wordpress\/internet-co\/das-reuth-den-graven\/","title":{"rendered":"Das reuth den Graven"},"content":{"rendered":"<p>Wer erinnert sich nicht mehr an <a href=http:\/\/de.wikipedia.org\/wiki\/G%C3%BCnter_Freiherr_von_Gravenreuth>G\u00fcnter Freiherr von Gravenreuth<\/a>? Das war der erste Anwalt, mit dem ich bereits als Sch\u00fcler indirekt in Verbindung kam &#8211; und der seitdem sein &#8218;Unwesen&#8216; in der Gamer und sp\u00e4ter Internet-Szene trieb und immer wieder mal Schlagzeilen machte. Aus juristischen Gr\u00fcnden entsage ich mir hier eine n\u00e4here Beurteilung der Praktiken des Freiherrens und verweise einfach auf diesen Artikel: <a href=http:\/\/www.spiegel.de\/netzwelt\/web\/0,1518,505241,00.html>Spiegel.de<\/a> \ud83d\ude42<\/p>\n","protected":false},"excerpt":{"rendered":"<p>Wer erinnert sich nicht mehr an G\u00fcnter Freiherr von Gravenreuth? Das war der erste Anwalt, mit dem ich bereits als&hellip;<\/p>\n","protected":false},"author":1,"featured_media":0,"comment_status":"open","ping_status":"open","sticky":false,"template":"","format":"standard","meta":{"footnotes":"","_links_to":"","_links_to_target":""},"categories":[11],"tags":[4369,4674],"class_list":["post-718","post","type-post","status-publish","format-standard","hentry","category-internet-co","tag-schlagzeilen","tag-spiegel"],"_links":{"self":[{"href":"https:\/\/www.gruen-wald.de\/wordpress\/wp-json\/wp\/v2\/posts\/718","targetHints":{"allow":["GET"]}}],"collection":[{"href":"https:\/\/www.gruen-wald.de\/wordpress\/wp-json\/wp\/v2\/posts"}],"about":[{"href":"https:\/\/www.gruen-wald.de\/wordpress\/wp-json\/wp\/v2\/types\/post"}],"author":[{"embeddable":true,"href":"https:\/\/www.gruen-wald.de\/wordpress\/wp-json\/wp\/v2\/users\/1"}],"replies":[{"embeddable":true,"href":"https:\/\/www.gruen-wald.de\/wordpress\/wp-json\/wp\/v2\/comments?post=718"}],"version-history":[{"count":0,"href":"https:\/\/www.gruen-wald.de\/wordpress\/wp-json\/wp\/v2\/posts\/718\/revisions"}],"wp:attachment":[{"href":"https:\/\/www.gruen-wald.de\/wordpress\/wp-json\/wp\/v2\/media?parent=718"}],"wp:term":[{"taxonomy":"category","embeddable":true,"href":"https:\/\/www.gruen-wald.de\/wordpress\/wp-json\/wp\/v2\/categories?post=718"},{"taxonomy":"post_tag","embeddable":true,"href":"https:\/\/www.gruen-wald.de\/wordpress\/wp-json\/wp\/v2\/tags?post=718"}],"curies":[{"name":"wp","href":"https:\/\/api.w.org\/{rel}","templated":true}]}}