{"id":691,"date":"2007-06-29T00:00:00","date_gmt":"2007-06-28T23:00:00","guid":{"rendered":"http:\/\/www.coaster.de\/wp\/?p=691"},"modified":"2007-06-29T00:00:00","modified_gmt":"2007-06-28T23:00:00","slug":"wiki-und-die-starken-manner","status":"publish","type":"post","link":"https:\/\/www.gruen-wald.de\/wordpress\/internet-co\/wiki-und-die-starken-manner\/","title":{"rendered":"Wiki und die starken M\u00e4nner"},"content":{"rendered":"<p>Irgendwie ist es ironisch, wenn die vollst\u00e4ndige IP-Daten\u00fcberwachung am Ende nicht die \u00fcberf\u00fchrt, die man bek\u00e4mpfen will (unliebsame Privat-Kleinkriminelle) sondern diejenigen, die sie einf\u00fchren wollen (CIA und FBI). Bleibt die Frage: Wieviel Daten\u00fcberwachung wollen wir wirklich? <a href=http:\/\/www.heise.de\/newsticker\/meldung\/94535\/from\/rss09>Zum Original-Artikel<\/a><\/p>\n","protected":false},"excerpt":{"rendered":"<p>Irgendwie ist es ironisch, wenn die vollst\u00e4ndige IP-Daten\u00fcberwachung am Ende nicht die \u00fcberf\u00fchrt, die man bek\u00e4mpfen will (unliebsame Privat-Kleinkriminelle) sondern&hellip;<\/p>\n","protected":false},"author":1,"featured_media":0,"comment_status":"open","ping_status":"open","sticky":false,"template":"","format":"standard","meta":{"footnotes":"","_links_to":"","_links_to_target":""},"categories":[11],"tags":[878,1632],"class_list":["post-691","post","type-post","status-publish","format-standard","hentry","category-internet-co","tag-cia","tag-fbi"],"_links":{"self":[{"href":"https:\/\/www.gruen-wald.de\/wordpress\/wp-json\/wp\/v2\/posts\/691","targetHints":{"allow":["GET"]}}],"collection":[{"href":"https:\/\/www.gruen-wald.de\/wordpress\/wp-json\/wp\/v2\/posts"}],"about":[{"href":"https:\/\/www.gruen-wald.de\/wordpress\/wp-json\/wp\/v2\/types\/post"}],"author":[{"embeddable":true,"href":"https:\/\/www.gruen-wald.de\/wordpress\/wp-json\/wp\/v2\/users\/1"}],"replies":[{"embeddable":true,"href":"https:\/\/www.gruen-wald.de\/wordpress\/wp-json\/wp\/v2\/comments?post=691"}],"version-history":[{"count":0,"href":"https:\/\/www.gruen-wald.de\/wordpress\/wp-json\/wp\/v2\/posts\/691\/revisions"}],"wp:attachment":[{"href":"https:\/\/www.gruen-wald.de\/wordpress\/wp-json\/wp\/v2\/media?parent=691"}],"wp:term":[{"taxonomy":"category","embeddable":true,"href":"https:\/\/www.gruen-wald.de\/wordpress\/wp-json\/wp\/v2\/categories?post=691"},{"taxonomy":"post_tag","embeddable":true,"href":"https:\/\/www.gruen-wald.de\/wordpress\/wp-json\/wp\/v2\/tags?post=691"}],"curies":[{"name":"wp","href":"https:\/\/api.w.org\/{rel}","templated":true}]}}