{"id":631,"date":"2007-04-30T00:00:00","date_gmt":"2007-04-29T23:00:00","guid":{"rendered":"http:\/\/www.coaster.de\/wp\/?p=631"},"modified":"2007-04-30T00:00:00","modified_gmt":"2007-04-29T23:00:00","slug":"sony-w810i-geschenkt","status":"publish","type":"post","link":"https:\/\/www.gruen-wald.de\/wordpress\/preisfuchs\/sony-w810i-geschenkt\/","title":{"rendered":"Sony W810i geschenkt!"},"content":{"rendered":"<p>Wer mit einem IPod, Nintendo DS oder einer Playstation nix anfangen kann kriegt bei eteleon.de jetzt auf Wunsch auch ein Sony W810i <a href=http:\/\/www.eteleon.de\/angebot\/AngNL2007-06-20\/?refid=12263113254>geschenkt<\/a>. Wie immer \u00fcbernimmt eteleon.de alle Kosten (Grundgeb\u00fchr, Anschlussgeb\u00fchren, Versandkosten). Wer sich an alle Regeln h\u00e4lt bekommt also die zwei Handys wirklich geschenkt. Auf welche Dinge man achten muss schreibe ich eben schnell mal in die Kommentare, da mich die Fragen immer wieder mal per E-Mail erreichen. Sieht nach viel Arbeit aus, aber wer ne halbe Stunde f\u00fcr Bestellung und K\u00fcndigung investiert kann sich nachher \u00fcber ein modernes Luxus-Handy freuen. Ich spiele ja auch schon fleissig mit meinem neuen geschenkten Nintendo DS rum. ,-) <a href=http:\/\/www.eteleon.de\/angebot\/AngNL2007-06-20\/?refid=12263113254>Hier zum bestellen klicken! Das Angebot gilt noch 4 Tage!<\/a>.<\/p>\n","protected":false},"excerpt":{"rendered":"<p>Wer mit einem IPod, Nintendo DS oder einer Playstation nix anfangen kann kriegt bei eteleon.de jetzt auf Wunsch auch ein&hellip;<\/p>\n","protected":false},"author":1,"featured_media":0,"comment_status":"open","ping_status":"open","sticky":false,"template":"","format":"standard","meta":{"footnotes":"","_links_to":"","_links_to_target":""},"categories":[14],"tags":[1409,1728,2014,3596,4635],"class_list":["post-631","post","type-post","status-publish","format-standard","hentry","category-preisfuchs","tag-e-mail","tag-fleissig","tag-geschenkt","tag-nintendo-ds","tag-sony-w810i"],"_links":{"self":[{"href":"https:\/\/www.gruen-wald.de\/wordpress\/wp-json\/wp\/v2\/posts\/631","targetHints":{"allow":["GET"]}}],"collection":[{"href":"https:\/\/www.gruen-wald.de\/wordpress\/wp-json\/wp\/v2\/posts"}],"about":[{"href":"https:\/\/www.gruen-wald.de\/wordpress\/wp-json\/wp\/v2\/types\/post"}],"author":[{"embeddable":true,"href":"https:\/\/www.gruen-wald.de\/wordpress\/wp-json\/wp\/v2\/users\/1"}],"replies":[{"embeddable":true,"href":"https:\/\/www.gruen-wald.de\/wordpress\/wp-json\/wp\/v2\/comments?post=631"}],"version-history":[{"count":0,"href":"https:\/\/www.gruen-wald.de\/wordpress\/wp-json\/wp\/v2\/posts\/631\/revisions"}],"wp:attachment":[{"href":"https:\/\/www.gruen-wald.de\/wordpress\/wp-json\/wp\/v2\/media?parent=631"}],"wp:term":[{"taxonomy":"category","embeddable":true,"href":"https:\/\/www.gruen-wald.de\/wordpress\/wp-json\/wp\/v2\/categories?post=631"},{"taxonomy":"post_tag","embeddable":true,"href":"https:\/\/www.gruen-wald.de\/wordpress\/wp-json\/wp\/v2\/tags?post=631"}],"curies":[{"name":"wp","href":"https:\/\/api.w.org\/{rel}","templated":true}]}}