{"id":5750,"date":"2010-08-30T01:30:11","date_gmt":"2010-08-29T23:30:11","guid":{"rendered":"http:\/\/blog.coaster.de\/wp\/?p=5750"},"modified":"2010-08-30T01:30:11","modified_gmt":"2010-08-29T23:30:11","slug":"jedem-anfang-wohnt-ein-abschied-inne","status":"publish","type":"post","link":"https:\/\/www.gruen-wald.de\/wordpress\/fotos\/jedem-anfang-wohnt-ein-abschied-inne\/","title":{"rendered":"Jedem Anfang wohnt ein Abschied inne"},"content":{"rendered":"<p>Mitte August habe ich bei meinem alten Arbeitgeber Braingame noch einmal ein Wei\u00dfwurstfr\u00fchst\u00fcck gemacht. Mit Wei\u00dfbier, Brezen und zus\u00e4tzlich bei Bedarf Leberk\u00e4s. Schee war&#8217;s, freundschaftlich war&#8217;s, traurig war&#8217;s. Aber wir sehen uns bestimmt demn\u00e4chst alle mal wieder, nur keine Sorgen. Bis dahin gibt&#8217;s hier ein paar Fotos vom Ratsch &amp; Tratsch:<\/p>\n<p style=\"text-align: center;\"><a rel=\"lightbox[2010-7-0-21-18-14]\" href=\"http:\/\/lh4.ggpht.com\/_FsMekEggo6A\/THqvWrZ_ZTI\/AAAAAAAAJIo\/MekI2glmQDI\/DSC01153.JPG?imgmax=800\"><img loading=\"lazy\" decoding=\"async\" class=\"pie-img\" src=\"http:\/\/blog.coaster.de\/wp\/wp-content\/uploads\/DSC011533.jpg\" alt=\"DSC01153.JPG\" width=\"160\" height=\"160\" \/><\/a><a rel=\"lightbox[2010-7-0-21-18-14]\" href=\"http:\/\/lh5.ggpht.com\/_FsMekEggo6A\/THqvhTkNMsI\/AAAAAAAAJJM\/qjzeQqqHylc\/DSC01168.JPG?imgmax=800\"><img loading=\"lazy\" decoding=\"async\" class=\"pie-img\" src=\"http:\/\/blog.coaster.de\/wp\/wp-content\/uploads\/DSC011683.jpg\" alt=\"DSC01168.JPG\" width=\"160\" height=\"160\" \/><\/a><a rel=\"lightbox[2010-7-0-21-18-14]\" href=\"http:\/\/lh3.ggpht.com\/_FsMekEggo6A\/THqve8UxG-I\/AAAAAAAAJJA\/TdaGzJZfpdQ\/DSC01163.JPG?imgmax=800\"><img loading=\"lazy\" decoding=\"async\" class=\"pie-img\" src=\"http:\/\/blog.coaster.de\/wp\/wp-content\/uploads\/DSC011633.jpg\" alt=\"DSC01163.JPG\" width=\"160\" height=\"160\" \/><\/a><br \/>\nBegr\u00fc\u00dfung und Begr\u00fc\u00dfungsrituale<\/p>\n<p style=\"text-align: center;\"><a rel=\"lightbox[2010-7-0-21-20-57]\" href=\"http:\/\/lh5.ggpht.com\/_FsMekEggo6A\/THqvVAWqXBI\/AAAAAAAAJIk\/NbcJVBoidK8\/DSC01152.JPG?imgmax=800\"><img loading=\"lazy\" decoding=\"async\" class=\"pie-img\" src=\"http:\/\/blog.coaster.de\/wp\/wp-content\/uploads\/DSC011523.jpg\" alt=\"DSC01152.JPG\" width=\"160\" height=\"160\" \/><\/a><a rel=\"lightbox[2010-7-0-21-20-57]\" href=\"http:\/\/lh3.ggpht.com\/_FsMekEggo6A\/THqvfQRTsEI\/AAAAAAAAJJE\/wQBrnVSPjkI\/DSC01164.JPG?imgmax=800\"><img loading=\"lazy\" decoding=\"async\" class=\"pie-img\" src=\"http:\/\/blog.coaster.de\/wp\/wp-content\/uploads\/DSC011643.jpg\" alt=\"DSC01164.JPG\" width=\"160\" height=\"160\" \/><\/a><a rel=\"lightbox[2010-7-0-21-20-57]\" href=\"http:\/\/lh6.ggpht.com\/_FsMekEggo6A\/THqvX_IoTTI\/AAAAAAAAJIs\/U1IrsL932lI\/DSC01155.JPG?imgmax=800\"><img loading=\"lazy\" decoding=\"async\" class=\"pie-img\" src=\"http:\/\/blog.coaster.de\/wp\/wp-content\/uploads\/DSC011553.jpg\" alt=\"DSC01155.JPG\" width=\"160\" height=\"160\" \/><\/a><br \/>\nFast Alle beim Fr\u00fchst\u00fcck. In der Mitte: Erdinger. Rewe hatte kein Augustiner.<\/p>\n<p style=\"text-align: center;\"><a rel=\"lightbox[2010-7-0-21-21-45]\" href=\"http:\/\/lh4.ggpht.com\/_FsMekEggo6A\/THqvaHnZUdI\/AAAAAAAAJIw\/WhzhRTZoXNI\/DSC01156.JPG?imgmax=800\"><img loading=\"lazy\" decoding=\"async\" class=\"pie-img\" src=\"http:\/\/blog.coaster.de\/wp\/wp-content\/uploads\/DSC011562.jpg\" alt=\"DSC01156.JPG\" width=\"160\" height=\"160\" \/><\/a><a rel=\"lightbox[2010-7-0-21-21-45]\" href=\"http:\/\/lh3.ggpht.com\/_FsMekEggo6A\/THqvh9R5vHI\/AAAAAAAAJJQ\/gzNfBvE-fsg\/DSC01169.JPG?imgmax=800\"><img loading=\"lazy\" decoding=\"async\" class=\"pie-img\" src=\"http:\/\/blog.coaster.de\/wp\/wp-content\/uploads\/DSC011692.jpg\" alt=\"DSC01169.JPG\" width=\"160\" height=\"160\" \/><\/a><a rel=\"lightbox[2010-7-0-21-21-45]\" href=\"http:\/\/lh6.ggpht.com\/_FsMekEggo6A\/THqvdQEG8YI\/AAAAAAAAJI4\/TPobNM6-i2w\/DSC01161.JPG?imgmax=800\"><img loading=\"lazy\" decoding=\"async\" class=\"pie-img\" src=\"http:\/\/blog.coaster.de\/wp\/wp-content\/uploads\/DSC011612.jpg\" alt=\"DSC01161.JPG\" width=\"160\" height=\"160\" \/><\/a><br \/>\nPaula, Axel (mit &#8222;Relaxel&#8220;-Shirt) und Jana posen.<\/p>\n","protected":false},"excerpt":{"rendered":"<p>Mitte August habe ich bei meinem alten Arbeitgeber Braingame noch einmal ein Wei\u00dfwurstfr\u00fchst\u00fcck gemacht. Mit Wei\u00dfbier, Brezen und zus\u00e4tzlich bei&hellip;<\/p>\n","protected":false},"author":1,"featured_media":0,"comment_status":"open","ping_status":"open","sticky":false,"template":"","format":"standard","meta":{"footnotes":"","_links_to":"","_links_to_target":""},"categories":[8],"tags":[229,2608,3946],"class_list":["post-5750","post","type-post","status-publish","format-standard","hentry","category-fotos","tag-anfang","tag-jana","tag-posen"],"_links":{"self":[{"href":"https:\/\/www.gruen-wald.de\/wordpress\/wp-json\/wp\/v2\/posts\/5750"}],"collection":[{"href":"https:\/\/www.gruen-wald.de\/wordpress\/wp-json\/wp\/v2\/posts"}],"about":[{"href":"https:\/\/www.gruen-wald.de\/wordpress\/wp-json\/wp\/v2\/types\/post"}],"author":[{"embeddable":true,"href":"https:\/\/www.gruen-wald.de\/wordpress\/wp-json\/wp\/v2\/users\/1"}],"replies":[{"embeddable":true,"href":"https:\/\/www.gruen-wald.de\/wordpress\/wp-json\/wp\/v2\/comments?post=5750"}],"version-history":[{"count":0,"href":"https:\/\/www.gruen-wald.de\/wordpress\/wp-json\/wp\/v2\/posts\/5750\/revisions"}],"wp:attachment":[{"href":"https:\/\/www.gruen-wald.de\/wordpress\/wp-json\/wp\/v2\/media?parent=5750"}],"wp:term":[{"taxonomy":"category","embeddable":true,"href":"https:\/\/www.gruen-wald.de\/wordpress\/wp-json\/wp\/v2\/categories?post=5750"},{"taxonomy":"post_tag","embeddable":true,"href":"https:\/\/www.gruen-wald.de\/wordpress\/wp-json\/wp\/v2\/tags?post=5750"}],"curies":[{"name":"wp","href":"https:\/\/api.w.org\/{rel}","templated":true}]}}