{"id":517,"date":"2007-01-06T00:00:00","date_gmt":"2007-01-05T23:00:00","guid":{"rendered":"http:\/\/www.coaster.de\/wp\/?p=517"},"modified":"2007-01-06T00:00:00","modified_gmt":"2007-01-05T23:00:00","slug":"ipod-nano-ps2-oder-nintendo-ds-lite-gratis","status":"publish","type":"post","link":"https:\/\/www.gruen-wald.de\/wordpress\/preisfuchs\/ipod-nano-ps2-oder-nintendo-ds-lite-gratis\/","title":{"rendered":"IPod Nano, PS2 oder Nintendo DS Lite gratis"},"content":{"rendered":"<p><a href=http:\/\/www.eteleon.de\/angebot\/AngKLS2007-03-09_1\/?refid=12263113254>eteleon.de<\/a> verballert mal wieder Bundles. Diesmal gibt es zwei Siemens A31 plus Nintendo DS Lite, iPod Nano mit 2 GB oder einer PS2 gratis. Dazu gibts zwei Vodafone-Karten mit 1440 Frei-SMS und 1440 Frei-Minuten. Nat\u00fcrlich gibt es keine Fixkosten wie Grundgeb\u00fchr, Anschlu\u00dfgeb\u00fchr oder Mindestumsatz. Wer die zwei Handys und den iPod oder Nintendo abgreifen will kann also einfach bestellen, die Handykarten wieder k\u00fcndigen und hat dazu sogar noch knapp 500 Euro zinsfreien Kredit. ,-) Langsam \u00e4rgere ich mich, dass ich vor Weihnachten bereits bei der DVD-Player Aktion mitgemacht habe. So ein DS Lite, das w\u00e4r jetzt schon was. ,-) <a href=http:\/\/www.eteleon.de\/angebot\/AngKLS2007-03-09_1\/?refid=12263113254>Hier geht\u00b4s zum Angebot.<\/a><\/p>\n","protected":false},"excerpt":{"rendered":"<p>eteleon.de verballert mal wieder Bundles. Diesmal gibt es zwei Siemens A31 plus Nintendo DS Lite, iPod Nano mit 2 GB&hellip;<\/p>\n","protected":false},"author":1,"featured_media":0,"comment_status":"open","ping_status":"open","sticky":false,"template":"","format":"standard","meta":{"footnotes":"","_links_to":"","_links_to_target":""},"categories":[14],"tags":[2553,3596,3598,4545,5305],"class_list":["post-517","post","type-post","status-publish","format-standard","hentry","category-preisfuchs","tag-ipod-nano","tag-nintendo-ds","tag-nintendo-gratis","tag-siemens-a31","tag-vodafone"],"_links":{"self":[{"href":"https:\/\/www.gruen-wald.de\/wordpress\/wp-json\/wp\/v2\/posts\/517"}],"collection":[{"href":"https:\/\/www.gruen-wald.de\/wordpress\/wp-json\/wp\/v2\/posts"}],"about":[{"href":"https:\/\/www.gruen-wald.de\/wordpress\/wp-json\/wp\/v2\/types\/post"}],"author":[{"embeddable":true,"href":"https:\/\/www.gruen-wald.de\/wordpress\/wp-json\/wp\/v2\/users\/1"}],"replies":[{"embeddable":true,"href":"https:\/\/www.gruen-wald.de\/wordpress\/wp-json\/wp\/v2\/comments?post=517"}],"version-history":[{"count":0,"href":"https:\/\/www.gruen-wald.de\/wordpress\/wp-json\/wp\/v2\/posts\/517\/revisions"}],"wp:attachment":[{"href":"https:\/\/www.gruen-wald.de\/wordpress\/wp-json\/wp\/v2\/media?parent=517"}],"wp:term":[{"taxonomy":"category","embeddable":true,"href":"https:\/\/www.gruen-wald.de\/wordpress\/wp-json\/wp\/v2\/categories?post=517"},{"taxonomy":"post_tag","embeddable":true,"href":"https:\/\/www.gruen-wald.de\/wordpress\/wp-json\/wp\/v2\/tags?post=517"}],"curies":[{"name":"wp","href":"https:\/\/api.w.org\/{rel}","templated":true}]}}