{"id":5069,"date":"2010-07-16T16:46:20","date_gmt":"2010-07-16T14:46:20","guid":{"rendered":"http:\/\/blog.coaster.de\/wp\/?p=5069"},"modified":"2010-07-16T16:46:20","modified_gmt":"2010-07-16T14:46:20","slug":"kurznachricht-machete-2010-trailer","status":"publish","type":"post","link":"https:\/\/www.gruen-wald.de\/wordpress\/film-kultur\/kurznachricht-machete-2010-trailer\/","title":{"rendered":"Kurznachricht: Machete 2010 Trailer"},"content":{"rendered":"<p>Ich freu mich auf Robert &#8222;Planet Terror&#8220; Rodriguez&#8216; neuen Exploitation-Streifen <strong>Machete<\/strong>. Danny Trejo, Cheech Marin, Jessica Alba und Robert de Niro. Kann eigentlich nichts mehr schief gehen. Allerdings muss man sagen, dass mir der Stil im Trailer deutlich zu clean und synthetisch r\u00fcberkommt. So wirkt der Streifen eher wie ein 80er Jahre Actionfilm. Keine Spur mehr vom Grindhouse-Flair. Au\u00dferdem erwarte ich bei TexMex-Themen grunds\u00e4tzlich eine warme Orangeblende \u00fcber der Kamera und keinen sterilen Wei\u00dfabgleich. Ich hoffe auf das Beste und freue mich auf September!<\/p>\n<p><a href=\"http:\/\/www.youtube.com\/v\/7fGKttdOWQE\"><img loading=\"lazy\" decoding=\"async\" class=\"aligncenter size-full wp-image-5070\" title=\"Machete\" src=\"http:\/\/blog.coaster.de\/wp\/wp-content\/uploads\/Clipboard017.jpg\" alt=\"\" width=\"480\" height=\"293\" \/><\/a><\/p>\n","protected":false},"excerpt":{"rendered":"<p>Ich freu mich auf Robert &#8222;Planet Terror&#8220; Rodriguez&#8216; neuen Exploitation-Streifen Machete. Danny Trejo, Cheech Marin, Jessica Alba und Robert de&hellip;<\/p>\n","protected":false},"author":1,"featured_media":0,"comment_status":"open","ping_status":"open","sticky":false,"template":"","format":"standard","meta":{"footnotes":"","_links_to":"","_links_to_target":""},"categories":[7],"tags":[3089,3090,4197],"class_list":["post-5069","post","type-post","status-publish","format-standard","hentry","category-film-kultur","tag-machete","tag-machete-danny-trejo","tag-robert-de-niro"],"_links":{"self":[{"href":"https:\/\/www.gruen-wald.de\/wordpress\/wp-json\/wp\/v2\/posts\/5069"}],"collection":[{"href":"https:\/\/www.gruen-wald.de\/wordpress\/wp-json\/wp\/v2\/posts"}],"about":[{"href":"https:\/\/www.gruen-wald.de\/wordpress\/wp-json\/wp\/v2\/types\/post"}],"author":[{"embeddable":true,"href":"https:\/\/www.gruen-wald.de\/wordpress\/wp-json\/wp\/v2\/users\/1"}],"replies":[{"embeddable":true,"href":"https:\/\/www.gruen-wald.de\/wordpress\/wp-json\/wp\/v2\/comments?post=5069"}],"version-history":[{"count":0,"href":"https:\/\/www.gruen-wald.de\/wordpress\/wp-json\/wp\/v2\/posts\/5069\/revisions"}],"wp:attachment":[{"href":"https:\/\/www.gruen-wald.de\/wordpress\/wp-json\/wp\/v2\/media?parent=5069"}],"wp:term":[{"taxonomy":"category","embeddable":true,"href":"https:\/\/www.gruen-wald.de\/wordpress\/wp-json\/wp\/v2\/categories?post=5069"},{"taxonomy":"post_tag","embeddable":true,"href":"https:\/\/www.gruen-wald.de\/wordpress\/wp-json\/wp\/v2\/tags?post=5069"}],"curies":[{"name":"wp","href":"https:\/\/api.w.org\/{rel}","templated":true}]}}