{"id":4952,"date":"2010-07-03T23:55:24","date_gmt":"2010-07-03T21:55:24","guid":{"rendered":"http:\/\/blog.coaster.de\/wp\/?p=4952"},"modified":"2010-07-03T23:55:24","modified_gmt":"2010-07-03T21:55:24","slug":"chaosradio-zum-thema-netzpolitik","status":"publish","type":"post","link":"https:\/\/www.gruen-wald.de\/wordpress\/internet-co\/chaosradio-zum-thema-netzpolitik\/","title":{"rendered":"Chaosradio zum Thema Netz\/Politik"},"content":{"rendered":"<p><img loading=\"lazy\" decoding=\"async\" class=\"alignleft\" title=\"chaosradio\" src=\"http:\/\/blog.coaster.de\/wp\/wp-content\/uploads\/Clipboard0112.jpg\" alt=\"\" width=\"120\" height=\"46\" \/>Huch, irgendwie hatte ich letztens glatt das letzte <a href=\"http:\/\/chaosradio.ccc.de\/cr158.html\">Chaosradio<\/a> verpasst. Diesmal sind <a href=\"http:\/\/blog.fefe.de\">Fefe<\/a> und Daniel Schmitt von <a href=\"http:\/\/wikileaks.org\">wikileaks.org<\/a> dabei &#8211; zwei G\u00e4ste denen ich gerne zuh\u00f6re. Diesmal werden die Thesen von Innenminister\u00a0Thomas de Maizi\u00e8re n\u00e4her beleuchtet. H\u00f6rt mal rein:<\/p>\n<p style=\"text-align: center;\"><object classid=\"clsid:d27cdb6e-ae6d-11cf-96b8-444553540000\" width=\"400\" height=\"50\" codebase=\"http:\/\/download.macromedia.com\/pub\/shockwave\/cabs\/flash\/swflash.cab#version=6,0,40,0\"><param name=\"data\" value=\"\/mp3player\/xspf_player_slim.swf?song_url=http:\/\/chaosradio.ccc.de\/archive\/chaosradio_158.mp3&amp;song_title=Chaosradio&amp;autoload=true\" \/><param name=\"src\" value=\"\/mp3player\/xspf_player_slim.swf?song_url=http:\/\/chaosradio.ccc.de\/archive\/chaosradio_158.mp3&amp;song_title=Chaosradio&amp;autoload=true\" \/><embed type=\"application\/x-shockwave-flash\" width=\"400\" height=\"50\" src=\"\/mp3player\/xspf_player_slim.swf?song_url=http:\/\/chaosradio.ccc.de\/archive\/chaosradio_158.mp3&amp;song_title=Chaosradio&amp;autoload=true\" data=\"\/mp3player\/xspf_player_slim.swf?song_url=http:\/\/chaosradio.ccc.de\/archive\/chaosradio_158.mp3&amp;song_title=Chaosradio&amp;autoload=true\"><\/embed><\/object><br \/>\n[<a href=\"http:\/\/chaosradio.ccc.de\/cr158.html\">Download<\/a>]<\/p>\n","protected":false},"excerpt":{"rendered":"<p>Huch, irgendwie hatte ich letztens glatt das letzte Chaosradio verpasst. Diesmal sind Fefe und Daniel Schmitt von wikileaks.org dabei &#8211;&hellip;<\/p>\n","protected":false},"author":1,"featured_media":0,"comment_status":"open","ping_status":"open","sticky":false,"template":"","format":"standard","meta":{"footnotes":"","_links_to":"","_links_to_target":""},"categories":[11],"tags":[1087,2419,5477],"class_list":["post-4952","post","type-post","status-publish","format-standard","hentry","category-internet-co","tag-daniel-schmitt","tag-huch","tag-wikileaks"],"_links":{"self":[{"href":"https:\/\/www.gruen-wald.de\/wordpress\/wp-json\/wp\/v2\/posts\/4952","targetHints":{"allow":["GET"]}}],"collection":[{"href":"https:\/\/www.gruen-wald.de\/wordpress\/wp-json\/wp\/v2\/posts"}],"about":[{"href":"https:\/\/www.gruen-wald.de\/wordpress\/wp-json\/wp\/v2\/types\/post"}],"author":[{"embeddable":true,"href":"https:\/\/www.gruen-wald.de\/wordpress\/wp-json\/wp\/v2\/users\/1"}],"replies":[{"embeddable":true,"href":"https:\/\/www.gruen-wald.de\/wordpress\/wp-json\/wp\/v2\/comments?post=4952"}],"version-history":[{"count":0,"href":"https:\/\/www.gruen-wald.de\/wordpress\/wp-json\/wp\/v2\/posts\/4952\/revisions"}],"wp:attachment":[{"href":"https:\/\/www.gruen-wald.de\/wordpress\/wp-json\/wp\/v2\/media?parent=4952"}],"wp:term":[{"taxonomy":"category","embeddable":true,"href":"https:\/\/www.gruen-wald.de\/wordpress\/wp-json\/wp\/v2\/categories?post=4952"},{"taxonomy":"post_tag","embeddable":true,"href":"https:\/\/www.gruen-wald.de\/wordpress\/wp-json\/wp\/v2\/tags?post=4952"}],"curies":[{"name":"wp","href":"https:\/\/api.w.org\/{rel}","templated":true}]}}