{"id":4286,"date":"2010-06-06T00:22:35","date_gmt":"2010-06-05T22:22:35","guid":{"rendered":"http:\/\/blog.coaster.de\/wp\/?p=4286"},"modified":"2010-06-06T00:22:35","modified_gmt":"2010-06-05T22:22:35","slug":"kostenairbag-jetzt-auch-fur-vodafone","status":"publish","type":"post","link":"https:\/\/www.gruen-wald.de\/wordpress\/telekommunikation\/kostenairbag-jetzt-auch-fur-vodafone\/","title":{"rendered":"Kostenairbag jetzt auch f\u00fcr Vodafone?"},"content":{"rendered":"<p><a href=\"http:\/\/blog.coaster.de\/wp\/wp-content\/uploads\/vodafone.jpg\"><img loading=\"lazy\" decoding=\"async\" class=\"alignleft size-full wp-image-4287\" title=\"vodafone\" src=\"http:\/\/blog.coaster.de\/wp\/wp-content\/uploads\/vodafone.jpg\" alt=\"\" width=\"150\" height=\"81\" \/><\/a>Nachdem o2 mit ihrem Kostenairbag eine relativ beliebte neue Art von mobiler Handy-Flatrate eingef\u00fchrt hat, will es nun auch mobilcom-debitel wissen. Unter dem Schlagwort &#8222;free&#8220; bietet man einen v\u00f6llig grund- und fixkostenbefreiten Vertrag an, der ab 50,00 \u20ac Umsatzvolumen gedeckelt wird &#8211; mit anderen Worten: Ab 50,00 \u20ac Rechnungsumsatz sind weitere SMS und Telefonate im Inland kostenlos. Im Gegensatz zur Flatrate fallen bis dahin aber auch wirklich nur die Geb\u00fchren an, die man vertelefoniert. Wer nichts telefoniert, zahlt auch nichts. Wer zu viel telefoniert, zahlt nicht mehr als 50,00 \u20ac. Dazwischen Kosten SMS und Telefonate 15ct. Das ist f\u00fcr nen Airbag-Tarif fair. o2 hatte mit einem \u00e4hnlichen Konzept ihren Kundenstamm kr\u00e4ftig ausgebaut.<\/p>\n<p>Das merkw\u00fcrdige an dem mobilcom Angebot: Es wird im D-Netz realisiert, allem Anschein nach Vodafone-D2. Das ist neu, denn bislang war es f\u00fcr D-Netz-Anbieter kein Problem, auf einem h\u00f6heren Preisniveau Kunden zu akquirieren, schlie\u00dflich bietet Vodafone und T-Mobile ein deutlich besser ausgebautes Netz als die E-Netze von BASE, E-Plus, o2 bzw. die Netze von Vistream und Ring. Vodafone selbst hat ebenfalls kein Interesse an einem derartigen Tarif, vermeldet zumindest Teltarif. Bleibt die Vermutung, dass mobilcom die Airtime von Vodafone kauft und in Eigenregie vermarktet. Das w\u00e4re in der Tat unique. Da Vodafone und T-Mobile derzeit noch mit hochpreisigen Flatrates und Alltime-Tarifen gute Gesch\u00e4fte machen, w\u00e4re bei diesen durch den free-Tarif schnell das reine Netzabdeckungsargument obsolet. Wenn Vodafone selbst auch nachzieht, m\u00fcsste sich auch T-Mobile der n\u00e4chsten D-Netz Preisschraube ann\u00e4hern.<\/p>\n<p>Da \u00fcber den Online-Abschluss angeblich auch die Anschlussgeb\u00fchr entf\u00e4llt, ist der Tarif relativ risikofrei. Genaue Details werden aber Erst im Laufe der n\u00e4chsten Tage bekannt werden. o2 bietet indes den Kostenairbag \u00fcber den Online-Rabatt bereits ab 42,50 \u20ac an, also nochmal 7,50 \u20ac g\u00fcnstiger. Ob einem der D-Netz-Vorteil das wert ist, muss dann jeder f\u00fcr sich selbst entscheiden.<\/p>\n<p><a href=\"http:\/\/www.mobilcom-debitel.de\/free\/\">Hier geht&#8217;s zum Angebot&#8230;<\/a><\/p>\n","protected":false},"excerpt":{"rendered":"<p>Nachdem o2 mit ihrem Kostenairbag eine relativ beliebte neue Art von mobiler Handy-Flatrate eingef\u00fchrt hat, will es nun auch mobilcom-debitel&hellip;<\/p>\n","protected":false},"author":1,"featured_media":0,"comment_status":"open","ping_status":"open","sticky":false,"template":"","format":"standard","meta":{"footnotes":"","_links_to":"","_links_to_target":""},"categories":[16],"tags":[1151,2209,4191,5305,5307],"class_list":["post-4286","post","type-post","status-publish","format-standard","hentry","category-telekommunikation","tag-debitel","tag-handy-flatrate","tag-ring","tag-vodafone","tag-vodafone-d2"],"_links":{"self":[{"href":"https:\/\/www.gruen-wald.de\/wordpress\/wp-json\/wp\/v2\/posts\/4286"}],"collection":[{"href":"https:\/\/www.gruen-wald.de\/wordpress\/wp-json\/wp\/v2\/posts"}],"about":[{"href":"https:\/\/www.gruen-wald.de\/wordpress\/wp-json\/wp\/v2\/types\/post"}],"author":[{"embeddable":true,"href":"https:\/\/www.gruen-wald.de\/wordpress\/wp-json\/wp\/v2\/users\/1"}],"replies":[{"embeddable":true,"href":"https:\/\/www.gruen-wald.de\/wordpress\/wp-json\/wp\/v2\/comments?post=4286"}],"version-history":[{"count":0,"href":"https:\/\/www.gruen-wald.de\/wordpress\/wp-json\/wp\/v2\/posts\/4286\/revisions"}],"wp:attachment":[{"href":"https:\/\/www.gruen-wald.de\/wordpress\/wp-json\/wp\/v2\/media?parent=4286"}],"wp:term":[{"taxonomy":"category","embeddable":true,"href":"https:\/\/www.gruen-wald.de\/wordpress\/wp-json\/wp\/v2\/categories?post=4286"},{"taxonomy":"post_tag","embeddable":true,"href":"https:\/\/www.gruen-wald.de\/wordpress\/wp-json\/wp\/v2\/tags?post=4286"}],"curies":[{"name":"wp","href":"https:\/\/api.w.org\/{rel}","templated":true}]}}