{"id":4168,"date":"2010-05-31T00:05:20","date_gmt":"2010-05-30T22:05:20","guid":{"rendered":"http:\/\/blog.coaster.de\/wp\/?p=4168"},"modified":"2010-05-31T00:05:20","modified_gmt":"2010-05-30T22:05:20","slug":"der-treff-wird-10","status":"publish","type":"post","link":"https:\/\/www.gruen-wald.de\/wordpress\/artikel\/der-treff-wird-10\/","title":{"rendered":"Der Treff wird 10"},"content":{"rendered":"<p><a href=\"http:\/\/blog.coaster.de\/wp\/wp-content\/uploads\/collage.jpg\"><img loading=\"lazy\" decoding=\"async\" class=\"aligncenter size-medium wp-image-4167\" title=\"collage\" src=\"http:\/\/blog.coaster.de\/wp\/wp-content\/uploads\/collage-300x72.jpg\" alt=\"\" width=\"300\" height=\"72\" \/><\/a><br \/>\nKaum zu glauben, aber der <strong>Adventure-Treff<\/strong>, f\u00fcr den ich seitdem ich denken kann arbeite, ist gestern <strong>10 Jahre alt<\/strong> geworden! Das werden wir nat\u00fcrlich in den kommenden Wochen und Monaten kr\u00e4ftig feiern. Beginnen tun wir dabei mit einem &#8222;Branche-Gr\u00fc\u00dft-Treff&#8220;-Feature, dass wir heute Mittag gleichzeitig mit dem Korkenknall auf der Startseite gelauncht haben:<\/p>\n<blockquote><p>W\u00e4hrend die Redaktion in der letzten Woche schon mal die Apfelschorle kalt gestellt und lustige Kuchen gebacken hat, lie\u00dfen sich einige Vertreter der Branche sich nicht davon abhalten, ihre Gl\u00fcckw\u00fcnsche in der ein oder anderen Form zu \u00fcbermitteln. Die haben wir zur Feier des Tages in Gestalt des Features &#8222;<a href=\"http:\/\/www.adventure-treff.de\/artikel\/features\/happybirthday_treff.php\">10 Jahre Adventure-Treff.de &#8211; Die Branche gratuliert&#8220;<\/a> zusammengestellt &#8211; in der Hoffnung, dass ihr an den unterhaltsamen Gr\u00fc\u00dfen \u00e4hnlich viel Spa\u00df habt wie wir.<\/p><\/blockquote>\n<p>Gerne verweise ich hiermit auf diese wirklich <a href=\"http:\/\/www.adventure-treff.de\/artikel\/features\/happybirthday_treff.php\">gelungenen Branchen-Gr\u00fc\u00dfe<\/a> (die \u00fcbrigens noch lange nicht zu Ende sind!) und betrinke mich heut Nacht noch sinnlos auf unser Wohl! Prost!<\/p>\n","protected":false},"excerpt":{"rendered":"<p>Kaum zu glauben, aber der Adventure-Treff, f\u00fcr den ich seitdem ich denken kann arbeite, ist gestern 10 Jahre alt geworden!&hellip;<\/p>\n","protected":false},"author":1,"featured_media":0,"comment_status":"open","ping_status":"open","sticky":false,"template":"","format":"standard","meta":{"footnotes":"","_links_to":"","_links_to_target":""},"categories":[2,11],"tags":[20,2312,5062],"class_list":["post-4168","post","type-post","status-publish","format-standard","hentry","category-artikel","category-internet-co","tag-10-jahre","tag-heute-mittag","tag-treff"],"_links":{"self":[{"href":"https:\/\/www.gruen-wald.de\/wordpress\/wp-json\/wp\/v2\/posts\/4168"}],"collection":[{"href":"https:\/\/www.gruen-wald.de\/wordpress\/wp-json\/wp\/v2\/posts"}],"about":[{"href":"https:\/\/www.gruen-wald.de\/wordpress\/wp-json\/wp\/v2\/types\/post"}],"author":[{"embeddable":true,"href":"https:\/\/www.gruen-wald.de\/wordpress\/wp-json\/wp\/v2\/users\/1"}],"replies":[{"embeddable":true,"href":"https:\/\/www.gruen-wald.de\/wordpress\/wp-json\/wp\/v2\/comments?post=4168"}],"version-history":[{"count":0,"href":"https:\/\/www.gruen-wald.de\/wordpress\/wp-json\/wp\/v2\/posts\/4168\/revisions"}],"wp:attachment":[{"href":"https:\/\/www.gruen-wald.de\/wordpress\/wp-json\/wp\/v2\/media?parent=4168"}],"wp:term":[{"taxonomy":"category","embeddable":true,"href":"https:\/\/www.gruen-wald.de\/wordpress\/wp-json\/wp\/v2\/categories?post=4168"},{"taxonomy":"post_tag","embeddable":true,"href":"https:\/\/www.gruen-wald.de\/wordpress\/wp-json\/wp\/v2\/tags?post=4168"}],"curies":[{"name":"wp","href":"https:\/\/api.w.org\/{rel}","templated":true}]}}