{"id":392,"date":"2006-09-03T00:00:00","date_gmt":"2006-09-02T23:00:00","guid":{"rendered":"http:\/\/www.coaster.de\/wp\/?p=392"},"modified":"2006-09-03T00:00:00","modified_gmt":"2006-09-02T23:00:00","slug":"ferrari-world-in-abu-dhabi","status":"publish","type":"post","link":"https:\/\/www.gruen-wald.de\/wordpress\/erlebniswelten\/ferrari-world-in-abu-dhabi\/","title":{"rendered":"Ferrari World in Abu Dhabi"},"content":{"rendered":"<p><i>In Abu Dhabi &#8211; ein Scheichtum, welches f\u00fcnf Prozent an Ferrari h\u00e4lt &#8211; soll unter dem Namen &#8218;Ferrari World&#8216; ein gigantischer Themenpark rund um die traditionsreiche Sportwagenschmiede entstehen. &#8218;Ferrari World&#8216; wird den Besuchern eine umfangreiche Unterhaltungspalette bieten. Vorgesehen sind zum Beispiel Fahrsimulatoren, Achterbahnen, ein interaktives Museum, ein Theater sowie &#8211; wie k\u00f6nnte es anders sein &#8211; eine Rennstrecke. Diese k\u00f6nnte von Ferrari aufgrund der guten klimatischen Bedingungen zum Beispiel f\u00fcr Sportwagentests genutzt werden. Das Konzept ist gekoppelt an die 30 Milliarden Euro teure Umwandlung der Yas-Insel im Persischen Golf, die ab 2014 touristisch genutzt werden soll. Aus diesem Grund werden auf dem 2.500 Hektar gro\u00dfen Gel\u00e4nde Hotels und eine Golfanlage gebaut.<\/i> <a href=http:\/\/www.f1total.com\/splitter\/2006\/11\/06113003.shtml>(Quelle)<\/a><\/p>\n","protected":false},"excerpt":{"rendered":"<p>In Abu Dhabi &#8211; ein Scheichtum, welches f\u00fcnf Prozent an Ferrari h\u00e4lt &#8211; soll unter dem Namen &#8218;Ferrari World&#8216; ein&hellip;<\/p>\n","protected":false},"author":1,"featured_media":0,"comment_status":"open","ping_status":"open","sticky":false,"template":"","format":"standard","meta":{"footnotes":"","_links_to":"","_links_to_target":""},"categories":[5],"tags":[94,1245,1654,5566],"class_list":["post-392","post","type-post","status-publish","format-standard","hentry","category-erlebniswelten","tag-abu-dhabi","tag-diesem-grund-werden","tag-ferrari","tag-yas"],"_links":{"self":[{"href":"https:\/\/www.gruen-wald.de\/wordpress\/wp-json\/wp\/v2\/posts\/392","targetHints":{"allow":["GET"]}}],"collection":[{"href":"https:\/\/www.gruen-wald.de\/wordpress\/wp-json\/wp\/v2\/posts"}],"about":[{"href":"https:\/\/www.gruen-wald.de\/wordpress\/wp-json\/wp\/v2\/types\/post"}],"author":[{"embeddable":true,"href":"https:\/\/www.gruen-wald.de\/wordpress\/wp-json\/wp\/v2\/users\/1"}],"replies":[{"embeddable":true,"href":"https:\/\/www.gruen-wald.de\/wordpress\/wp-json\/wp\/v2\/comments?post=392"}],"version-history":[{"count":0,"href":"https:\/\/www.gruen-wald.de\/wordpress\/wp-json\/wp\/v2\/posts\/392\/revisions"}],"wp:attachment":[{"href":"https:\/\/www.gruen-wald.de\/wordpress\/wp-json\/wp\/v2\/media?parent=392"}],"wp:term":[{"taxonomy":"category","embeddable":true,"href":"https:\/\/www.gruen-wald.de\/wordpress\/wp-json\/wp\/v2\/categories?post=392"},{"taxonomy":"post_tag","embeddable":true,"href":"https:\/\/www.gruen-wald.de\/wordpress\/wp-json\/wp\/v2\/tags?post=392"}],"curies":[{"name":"wp","href":"https:\/\/api.w.org\/{rel}","templated":true}]}}