{"id":381,"date":"2006-08-23T00:00:00","date_gmt":"2006-08-22T23:00:00","guid":{"rendered":"http:\/\/www.coaster.de\/wp\/?p=381"},"modified":"2006-08-23T00:00:00","modified_gmt":"2006-08-22T23:00:00","slug":"video-uberlaufenes-gardaland-onride","status":"publish","type":"post","link":"https:\/\/www.gruen-wald.de\/wordpress\/erlebniswelten\/video-uberlaufenes-gardaland-onride\/","title":{"rendered":"Video: \u00dcberlaufenes Gardaland + Onride"},"content":{"rendered":"<p>Nachdem mich einige immer wieder f\u00fcr das Gardaland-Video anmailen habe ich mal ein weiteres Homevideo online gestellt! F\u00fcr ein paar Freunde hatte ich damals versprochen, vollst\u00e4ndige Onrides der Darkride-Attraktionen &#8218;I Cosari&#8216; und &#8218;Valle dei Re&#8216; aufzunehmen&#8230; die sind wirklich von Anfang bis Ende und ungeschnitten \/ unbearbeitet drauf. Nur, falls es jemandem interssiert&#8230; Ausserdem gibt es ein paar Eindr\u00fccke, wie voll dieser Park nach 6 Uhr noch sein kann:<\/p>\n<p align='center'><img src='http:\/\/img359.imageshack.us\/img359\/92\/zwischenablage1lq2.jpg'><\/p>\n<p> Diese Aufnahme entstand wohlgemerkt erst um ca. 18:30 Uhr. Wie voll es vorher in dem Park war will ich gar nicht n\u00e4her er\u00f6rtern&#8230; ,) Zus\u00e4tzlich gibt es auch einige seltene Nachtaufnahmen des meiner Meinung nach sch\u00f6nsten Freizeitparks Italiens.<\/p>\n<p align=center><a href='http:\/\/blog.coaster.de\/modules\/PDdownloads\/singlefile.php?cid=2&#038;lid=65'><img src='http:\/\/img359.imageshack.us\/img359\/8671\/zwischenablage1uc6.jpg'><br \/>(nur f\u00fcr angemeldete User)<\/a><\/p>\n","protected":false},"excerpt":{"rendered":"<p>Nachdem mich einige immer wieder f\u00fcr das Gardaland-Video anmailen habe ich mal ein weiteres Homevideo online gestellt! F\u00fcr ein paar&hellip;<\/p>\n","protected":false},"author":1,"featured_media":0,"comment_status":"open","ping_status":"open","sticky":false,"template":"","format":"standard","meta":{"footnotes":"","_links_to":"","_links_to_target":""},"categories":[5],"tags":[1113,1926],"class_list":["post-381","post","type-post","status-publish","format-standard","hentry","category-erlebniswelten","tag-das-ich","tag-gardaland"],"_links":{"self":[{"href":"https:\/\/www.gruen-wald.de\/wordpress\/wp-json\/wp\/v2\/posts\/381"}],"collection":[{"href":"https:\/\/www.gruen-wald.de\/wordpress\/wp-json\/wp\/v2\/posts"}],"about":[{"href":"https:\/\/www.gruen-wald.de\/wordpress\/wp-json\/wp\/v2\/types\/post"}],"author":[{"embeddable":true,"href":"https:\/\/www.gruen-wald.de\/wordpress\/wp-json\/wp\/v2\/users\/1"}],"replies":[{"embeddable":true,"href":"https:\/\/www.gruen-wald.de\/wordpress\/wp-json\/wp\/v2\/comments?post=381"}],"version-history":[{"count":0,"href":"https:\/\/www.gruen-wald.de\/wordpress\/wp-json\/wp\/v2\/posts\/381\/revisions"}],"wp:attachment":[{"href":"https:\/\/www.gruen-wald.de\/wordpress\/wp-json\/wp\/v2\/media?parent=381"}],"wp:term":[{"taxonomy":"category","embeddable":true,"href":"https:\/\/www.gruen-wald.de\/wordpress\/wp-json\/wp\/v2\/categories?post=381"},{"taxonomy":"post_tag","embeddable":true,"href":"https:\/\/www.gruen-wald.de\/wordpress\/wp-json\/wp\/v2\/tags?post=381"}],"curies":[{"name":"wp","href":"https:\/\/api.w.org\/{rel}","templated":true}]}}