{"id":37493,"date":"2022-07-30T18:10:10","date_gmt":"2022-07-30T16:10:10","guid":{"rendered":"https:\/\/www.gruen-wald.de\/wordpress\/?p=37493"},"modified":"2022-07-30T18:10:10","modified_gmt":"2022-07-30T16:10:10","slug":"verwall-tag-1-berggeistweg-maroikoepfe-2-529m","status":"publish","type":"post","link":"https:\/\/www.gruen-wald.de\/wordpress\/film-kultur\/verwall-tag-1-berggeistweg-maroikoepfe-2-529m\/","title":{"rendered":"Verwall Tag 1: Berggeistweg &#038; Maroik\u00f6pfe (2.529m)"},"content":{"rendered":"<p>Heute geht es von St. Christoph \u00fcber den Berggeistweg auf den \u00d6stlichen und Westlichen Maroikopf. Von dort dann wieder runter zur Kaltenbergh\u00fctte, wo wir uns einen Schnaps und ein Gulasch genehmigen.<\/p>\n<p><center><iframe loading=\"lazy\" width=\"560\" height=\"315\" src=\"https:\/\/www.youtube.com\/embed\/nqJunkBDcCY\" title=\"YouTube video player\" frameborder=\"0\" allow=\"accelerometer; autoplay; clipboard-write; encrypted-media; gyroscope; picture-in-picture\" allowfullscreen><\/iframe><\/center><\/p>\n","protected":false},"excerpt":{"rendered":"<p>Heute geht es von St. Christoph \u00fcber den Berggeistweg auf den \u00d6stlichen und Westlichen Maroikopf. Von dort dann wieder runter&hellip;<\/p>\n","protected":false},"author":1,"featured_media":0,"comment_status":"open","ping_status":"open","sticky":false,"template":"","format":"standard","meta":{"footnotes":"","_links_to":"","_links_to_target":""},"categories":[7],"tags":[],"class_list":["post-37493","post","type-post","status-publish","format-standard","hentry","category-film-kultur"],"_links":{"self":[{"href":"https:\/\/www.gruen-wald.de\/wordpress\/wp-json\/wp\/v2\/posts\/37493"}],"collection":[{"href":"https:\/\/www.gruen-wald.de\/wordpress\/wp-json\/wp\/v2\/posts"}],"about":[{"href":"https:\/\/www.gruen-wald.de\/wordpress\/wp-json\/wp\/v2\/types\/post"}],"author":[{"embeddable":true,"href":"https:\/\/www.gruen-wald.de\/wordpress\/wp-json\/wp\/v2\/users\/1"}],"replies":[{"embeddable":true,"href":"https:\/\/www.gruen-wald.de\/wordpress\/wp-json\/wp\/v2\/comments?post=37493"}],"version-history":[{"count":1,"href":"https:\/\/www.gruen-wald.de\/wordpress\/wp-json\/wp\/v2\/posts\/37493\/revisions"}],"predecessor-version":[{"id":37494,"href":"https:\/\/www.gruen-wald.de\/wordpress\/wp-json\/wp\/v2\/posts\/37493\/revisions\/37494"}],"wp:attachment":[{"href":"https:\/\/www.gruen-wald.de\/wordpress\/wp-json\/wp\/v2\/media?parent=37493"}],"wp:term":[{"taxonomy":"category","embeddable":true,"href":"https:\/\/www.gruen-wald.de\/wordpress\/wp-json\/wp\/v2\/categories?post=37493"},{"taxonomy":"post_tag","embeddable":true,"href":"https:\/\/www.gruen-wald.de\/wordpress\/wp-json\/wp\/v2\/tags?post=37493"}],"curies":[{"name":"wp","href":"https:\/\/api.w.org\/{rel}","templated":true}]}}