{"id":37438,"date":"2022-02-19T16:08:49","date_gmt":"2022-02-19T15:08:49","guid":{"rendered":"https:\/\/www.gruen-wald.de\/wordpress\/?p=37438"},"modified":"2022-02-18T16:16:10","modified_gmt":"2022-02-18T15:16:10","slug":"crowdfunding-tiny-forest","status":"publish","type":"post","link":"https:\/\/www.gruen-wald.de\/wordpress\/gesellschaft\/crowdfunding-tiny-forest\/","title":{"rendered":"Crowdfunding: Tiny Forest"},"content":{"rendered":"<p>Mehr Gr\u00fcn muss in die St\u00e4dte!<\/p>\n<p>Supported diesen feinen Verein, der wieder kleine W\u00e4lder in die Stadtbereiche bringt. In Berlin l\u00e4uft es bereits, aber auch andere St\u00e4dte (auch M\u00fcnchen) sind auf der Agenda. Der Verein kooperiert auch viel mit Schulen und Schulklassen, wo der haptische Unterricht mit Natur in letzter Zeit ja stark gelitten hat.<\/p>\n<p>Check it out und gebt vielleicht ein bisschen was! \u2764 \u2764<\/p>\n<p><a href=\"https:\/\/www.startnext.com\/schulprojekt-tiny-forest\">[Zum Tiny Forest Crowdfunding]<\/a><\/p>\n","protected":false},"excerpt":{"rendered":"<p>Mehr Gr\u00fcn muss in die St\u00e4dte! Supported diesen feinen Verein, der wieder kleine W\u00e4lder in die Stadtbereiche bringt. In Berlin&hellip;<\/p>\n","protected":false},"author":1,"featured_media":0,"comment_status":"open","ping_status":"open","sticky":false,"template":"","format":"standard","meta":{"footnotes":"","_links_to":"","_links_to_target":""},"categories":[10],"tags":[],"class_list":["post-37438","post","type-post","status-publish","format-standard","hentry","category-gesellschaft"],"_links":{"self":[{"href":"https:\/\/www.gruen-wald.de\/wordpress\/wp-json\/wp\/v2\/posts\/37438","targetHints":{"allow":["GET"]}}],"collection":[{"href":"https:\/\/www.gruen-wald.de\/wordpress\/wp-json\/wp\/v2\/posts"}],"about":[{"href":"https:\/\/www.gruen-wald.de\/wordpress\/wp-json\/wp\/v2\/types\/post"}],"author":[{"embeddable":true,"href":"https:\/\/www.gruen-wald.de\/wordpress\/wp-json\/wp\/v2\/users\/1"}],"replies":[{"embeddable":true,"href":"https:\/\/www.gruen-wald.de\/wordpress\/wp-json\/wp\/v2\/comments?post=37438"}],"version-history":[{"count":2,"href":"https:\/\/www.gruen-wald.de\/wordpress\/wp-json\/wp\/v2\/posts\/37438\/revisions"}],"predecessor-version":[{"id":37440,"href":"https:\/\/www.gruen-wald.de\/wordpress\/wp-json\/wp\/v2\/posts\/37438\/revisions\/37440"}],"wp:attachment":[{"href":"https:\/\/www.gruen-wald.de\/wordpress\/wp-json\/wp\/v2\/media?parent=37438"}],"wp:term":[{"taxonomy":"category","embeddable":true,"href":"https:\/\/www.gruen-wald.de\/wordpress\/wp-json\/wp\/v2\/categories?post=37438"},{"taxonomy":"post_tag","embeddable":true,"href":"https:\/\/www.gruen-wald.de\/wordpress\/wp-json\/wp\/v2\/tags?post=37438"}],"curies":[{"name":"wp","href":"https:\/\/api.w.org\/{rel}","templated":true}]}}