{"id":37404,"date":"2021-11-24T23:28:03","date_gmt":"2021-11-24T22:28:03","guid":{"rendered":"https:\/\/www.gruen-wald.de\/wordpress\/?p=37404"},"modified":"2021-11-24T00:31:06","modified_gmt":"2021-11-23T23:31:06","slug":"der-atak-ist-auch-2021-wieder-am-start","status":"publish","type":"post","link":"https:\/\/www.gruen-wald.de\/wordpress\/internet-co\/der-atak-ist-auch-2021-wieder-am-start\/","title":{"rendered":"Der &#8222;ATAK&#8220; ist auch 2021 wieder am Start!"},"content":{"rendered":"<p>Alle Jahre wieder: Unser <strong>Adventure-Treff-Adventskalender<\/strong> ist wieder da. Auch wenn man sich derzeit nicht so recht auf ge\u00f6ffnete Weihnachtsm\u00e4rkte oder Skiurlaub in \u00d6sterreich verlassen kann: Der Adventskalender vom Treff ist und bleibt allen R\u00e4tselfreunden erhalten!\u00a0Denn vom 1. bis zum 24. Dezember \u00f6ffnet der <a href=\"https:\/\/www.adventure-treff.de\/adventskalender2021\">Adventskalender<\/a> jeden Tag ein T\u00fcrchen hinter dem eine knackige R\u00e4tselnuss versteckt ist. Unter allen Tageseinsendungen werden tolle Preise verlost.<\/p>\n<p>Wer jetzt nicht wei\u00df, was der &#8222;ATAK&#8220; eigentlich ist, schaut einfach auf der <a href=\"https:\/\/www.adventure-treff.de\/adventskalender2021\">\u00dcberssichtsseite<\/a> daf\u00fcr vorbei. R\u00e4tselfreunde haben ganz sicher ihren Spa\u00df. Aber seid gewarnt vor dem wirklich &#8222;zapfigem&#8220; Level, das dort aufgefahren wird. \ud83d\ude09<\/p>\n","protected":false},"excerpt":{"rendered":"<p>Alle Jahre wieder: Unser Adventure-Treff-Adventskalender ist wieder da. Auch wenn man sich derzeit nicht so recht auf ge\u00f6ffnete Weihnachtsm\u00e4rkte oder&hellip;<\/p>\n","protected":false},"author":1,"featured_media":0,"comment_status":"open","ping_status":"open","sticky":false,"template":"","format":"standard","meta":{"footnotes":"","_links_to":"","_links_to_target":""},"categories":[11],"tags":[],"class_list":["post-37404","post","type-post","status-publish","format-standard","hentry","category-internet-co"],"_links":{"self":[{"href":"https:\/\/www.gruen-wald.de\/wordpress\/wp-json\/wp\/v2\/posts\/37404"}],"collection":[{"href":"https:\/\/www.gruen-wald.de\/wordpress\/wp-json\/wp\/v2\/posts"}],"about":[{"href":"https:\/\/www.gruen-wald.de\/wordpress\/wp-json\/wp\/v2\/types\/post"}],"author":[{"embeddable":true,"href":"https:\/\/www.gruen-wald.de\/wordpress\/wp-json\/wp\/v2\/users\/1"}],"replies":[{"embeddable":true,"href":"https:\/\/www.gruen-wald.de\/wordpress\/wp-json\/wp\/v2\/comments?post=37404"}],"version-history":[{"count":1,"href":"https:\/\/www.gruen-wald.de\/wordpress\/wp-json\/wp\/v2\/posts\/37404\/revisions"}],"predecessor-version":[{"id":37405,"href":"https:\/\/www.gruen-wald.de\/wordpress\/wp-json\/wp\/v2\/posts\/37404\/revisions\/37405"}],"wp:attachment":[{"href":"https:\/\/www.gruen-wald.de\/wordpress\/wp-json\/wp\/v2\/media?parent=37404"}],"wp:term":[{"taxonomy":"category","embeddable":true,"href":"https:\/\/www.gruen-wald.de\/wordpress\/wp-json\/wp\/v2\/categories?post=37404"},{"taxonomy":"post_tag","embeddable":true,"href":"https:\/\/www.gruen-wald.de\/wordpress\/wp-json\/wp\/v2\/tags?post=37404"}],"curies":[{"name":"wp","href":"https:\/\/api.w.org\/{rel}","templated":true}]}}