{"id":37390,"date":"2021-09-17T12:48:57","date_gmt":"2021-09-17T10:48:57","guid":{"rendered":"https:\/\/www.gruen-wald.de\/wordpress\/?p=37390"},"modified":"2021-09-17T12:48:57","modified_gmt":"2021-09-17T10:48:57","slug":"einsam-oder-doch-nicht-so-einsam-am-ackernalmkamm","status":"publish","type":"post","link":"https:\/\/www.gruen-wald.de\/wordpress\/film-kultur\/einsam-oder-doch-nicht-so-einsam-am-ackernalmkamm\/","title":{"rendered":"Einsam (oder doch nicht so einsam) am Ackernalmkamm"},"content":{"rendered":"<p>Dieser Kamm bei der Ackernalm war f\u00fcr mich immer schon einer der sch\u00f6nsten Pl\u00e4tze f\u00fcr die Abendsonne. Diesmal bin ich aber nicht nach Osten sondern \u00fcber kaum sichtbare Wege (und wohl wirklich selten begangen) nach Westen marschiert. Hui, hat sich das gelohnt! Einsam, ruhig, traumhafter Blick und eine zutrauliche Tierwelt, die ich sonst so in den Bergen nie erlebt habe&#8230; Ganz traumhaft, ich komme wieder.<\/p>\n<p><center><iframe loading=\"lazy\" width=\"560\" height=\"315\" src=\"https:\/\/www.youtube.com\/embed\/T_6kIKghwLI\" title=\"YouTube video player\" frameborder=\"0\" allow=\"accelerometer; autoplay; clipboard-write; encrypted-media; gyroscope; picture-in-picture\" allowfullscreen><\/iframe><\/center><\/p>\n","protected":false},"excerpt":{"rendered":"<p>Dieser Kamm bei der Ackernalm war f\u00fcr mich immer schon einer der sch\u00f6nsten Pl\u00e4tze f\u00fcr die Abendsonne. Diesmal bin ich&hellip;<\/p>\n","protected":false},"author":1,"featured_media":0,"comment_status":"open","ping_status":"open","sticky":false,"template":"","format":"standard","meta":{"footnotes":"","_links_to":"","_links_to_target":""},"categories":[7],"tags":[],"class_list":["post-37390","post","type-post","status-publish","format-standard","hentry","category-film-kultur"],"_links":{"self":[{"href":"https:\/\/www.gruen-wald.de\/wordpress\/wp-json\/wp\/v2\/posts\/37390","targetHints":{"allow":["GET"]}}],"collection":[{"href":"https:\/\/www.gruen-wald.de\/wordpress\/wp-json\/wp\/v2\/posts"}],"about":[{"href":"https:\/\/www.gruen-wald.de\/wordpress\/wp-json\/wp\/v2\/types\/post"}],"author":[{"embeddable":true,"href":"https:\/\/www.gruen-wald.de\/wordpress\/wp-json\/wp\/v2\/users\/1"}],"replies":[{"embeddable":true,"href":"https:\/\/www.gruen-wald.de\/wordpress\/wp-json\/wp\/v2\/comments?post=37390"}],"version-history":[{"count":1,"href":"https:\/\/www.gruen-wald.de\/wordpress\/wp-json\/wp\/v2\/posts\/37390\/revisions"}],"predecessor-version":[{"id":37391,"href":"https:\/\/www.gruen-wald.de\/wordpress\/wp-json\/wp\/v2\/posts\/37390\/revisions\/37391"}],"wp:attachment":[{"href":"https:\/\/www.gruen-wald.de\/wordpress\/wp-json\/wp\/v2\/media?parent=37390"}],"wp:term":[{"taxonomy":"category","embeddable":true,"href":"https:\/\/www.gruen-wald.de\/wordpress\/wp-json\/wp\/v2\/categories?post=37390"},{"taxonomy":"post_tag","embeddable":true,"href":"https:\/\/www.gruen-wald.de\/wordpress\/wp-json\/wp\/v2\/tags?post=37390"}],"curies":[{"name":"wp","href":"https:\/\/api.w.org\/{rel}","templated":true}]}}