{"id":37352,"date":"2021-05-15T18:25:41","date_gmt":"2021-05-15T16:25:41","guid":{"rendered":"https:\/\/www.gruen-wald.de\/wordpress\/?p=37352"},"modified":"2021-05-15T18:25:41","modified_gmt":"2021-05-15T16:25:41","slug":"nicht-in-die-nesseln-gesetzt","status":"publish","type":"post","link":"https:\/\/www.gruen-wald.de\/wordpress\/uncategorized\/nicht-in-die-nesseln-gesetzt\/","title":{"rendered":"Nicht in die Nesseln gesetzt"},"content":{"rendered":"<p>Kleiner Fr\u00fchjahrs-Trip am Tegernsee \u00fcber die Finner-Alm und Holzer-Alm auf die unbedeutende Nesselscheibe und zur\u00fcck \u00fcber den Breitenbach:<\/p>\n<p><center><iframe loading=\"lazy\" width=\"560\" height=\"315\" src=\"https:\/\/www.youtube.com\/embed\/6y9Y05uqjYA\" title=\"YouTube video player\" frameborder=\"0\" allow=\"accelerometer; autoplay; clipboard-write; encrypted-media; gyroscope; picture-in-picture\" allowfullscreen><\/iframe><\/center><\/p>\n","protected":false},"excerpt":{"rendered":"<p>Kleiner Fr\u00fchjahrs-Trip am Tegernsee \u00fcber die Finner-Alm und Holzer-Alm auf die unbedeutende Nesselscheibe und zur\u00fcck \u00fcber den Breitenbach:<\/p>\n","protected":false},"author":1,"featured_media":0,"comment_status":"open","ping_status":"open","sticky":false,"template":"","format":"standard","meta":{"footnotes":"","_links_to":"","_links_to_target":""},"categories":[1],"tags":[],"class_list":["post-37352","post","type-post","status-publish","format-standard","hentry","category-uncategorized"],"_links":{"self":[{"href":"https:\/\/www.gruen-wald.de\/wordpress\/wp-json\/wp\/v2\/posts\/37352","targetHints":{"allow":["GET"]}}],"collection":[{"href":"https:\/\/www.gruen-wald.de\/wordpress\/wp-json\/wp\/v2\/posts"}],"about":[{"href":"https:\/\/www.gruen-wald.de\/wordpress\/wp-json\/wp\/v2\/types\/post"}],"author":[{"embeddable":true,"href":"https:\/\/www.gruen-wald.de\/wordpress\/wp-json\/wp\/v2\/users\/1"}],"replies":[{"embeddable":true,"href":"https:\/\/www.gruen-wald.de\/wordpress\/wp-json\/wp\/v2\/comments?post=37352"}],"version-history":[{"count":1,"href":"https:\/\/www.gruen-wald.de\/wordpress\/wp-json\/wp\/v2\/posts\/37352\/revisions"}],"predecessor-version":[{"id":37353,"href":"https:\/\/www.gruen-wald.de\/wordpress\/wp-json\/wp\/v2\/posts\/37352\/revisions\/37353"}],"wp:attachment":[{"href":"https:\/\/www.gruen-wald.de\/wordpress\/wp-json\/wp\/v2\/media?parent=37352"}],"wp:term":[{"taxonomy":"category","embeddable":true,"href":"https:\/\/www.gruen-wald.de\/wordpress\/wp-json\/wp\/v2\/categories?post=37352"},{"taxonomy":"post_tag","embeddable":true,"href":"https:\/\/www.gruen-wald.de\/wordpress\/wp-json\/wp\/v2\/tags?post=37352"}],"curies":[{"name":"wp","href":"https:\/\/api.w.org\/{rel}","templated":true}]}}