{"id":37223,"date":"2020-09-19T23:03:11","date_gmt":"2020-09-19T23:03:11","guid":{"rendered":"https:\/\/www.gruen-wald.de\/wp\/?p=37223"},"modified":"2020-09-19T23:03:11","modified_gmt":"2020-09-19T23:03:11","slug":"einmal-um-den-sylvenstein","status":"publish","type":"post","link":"https:\/\/www.gruen-wald.de\/wordpress\/film-kultur\/einmal-um-den-sylvenstein\/","title":{"rendered":"Einmal um den Sylvenstein"},"content":{"rendered":"<p>Eine kleine Wanderrunde um den Slyvensteinspeicher:<\/p>\n<p><center><iframe loading=\"lazy\" width=\"560\" height=\"315\" src=\"https:\/\/www.youtube.com\/embed\/BVsBZDbU0pk\" frameborder=\"0\" allow=\"accelerometer; autoplay; clipboard-write; encrypted-media; gyroscope; picture-in-picture\" allowfullscreen><\/iframe><\/center><\/p>\n<p>Disclaimer: Der Nordsteig ist f\u00fcr Anf\u00e4nger nicht geeignet (Trittsicherheit und Schwindelfreiheit n\u00f6tig).<\/p>\n","protected":false},"excerpt":{"rendered":"<p>Eine kleine Wanderrunde um den Slyvensteinspeicher: Disclaimer: Der Nordsteig ist f\u00fcr Anf\u00e4nger nicht geeignet (Trittsicherheit und Schwindelfreiheit n\u00f6tig).<\/p>\n","protected":false},"author":1,"featured_media":0,"comment_status":"open","ping_status":"open","sticky":false,"template":"","format":"standard","meta":{"footnotes":"","_links_to":"","_links_to_target":""},"categories":[7],"tags":[],"class_list":["post-37223","post","type-post","status-publish","format-standard","hentry","category-film-kultur"],"_links":{"self":[{"href":"https:\/\/www.gruen-wald.de\/wordpress\/wp-json\/wp\/v2\/posts\/37223"}],"collection":[{"href":"https:\/\/www.gruen-wald.de\/wordpress\/wp-json\/wp\/v2\/posts"}],"about":[{"href":"https:\/\/www.gruen-wald.de\/wordpress\/wp-json\/wp\/v2\/types\/post"}],"author":[{"embeddable":true,"href":"https:\/\/www.gruen-wald.de\/wordpress\/wp-json\/wp\/v2\/users\/1"}],"replies":[{"embeddable":true,"href":"https:\/\/www.gruen-wald.de\/wordpress\/wp-json\/wp\/v2\/comments?post=37223"}],"version-history":[{"count":0,"href":"https:\/\/www.gruen-wald.de\/wordpress\/wp-json\/wp\/v2\/posts\/37223\/revisions"}],"wp:attachment":[{"href":"https:\/\/www.gruen-wald.de\/wordpress\/wp-json\/wp\/v2\/media?parent=37223"}],"wp:term":[{"taxonomy":"category","embeddable":true,"href":"https:\/\/www.gruen-wald.de\/wordpress\/wp-json\/wp\/v2\/categories?post=37223"},{"taxonomy":"post_tag","embeddable":true,"href":"https:\/\/www.gruen-wald.de\/wordpress\/wp-json\/wp\/v2\/tags?post=37223"}],"curies":[{"name":"wp","href":"https:\/\/api.w.org\/{rel}","templated":true}]}}