{"id":37219,"date":"2020-09-16T17:36:13","date_gmt":"2020-09-16T16:36:13","guid":{"rendered":"https:\/\/www.gruen-wald.de\/wp\/?p=37219"},"modified":"2020-09-16T17:36:13","modified_gmt":"2020-09-16T16:36:13","slug":"rofan-tour-tag-2","status":"publish","type":"post","link":"https:\/\/www.gruen-wald.de\/wordpress\/film-kultur\/rofan-tour-tag-2\/","title":{"rendered":"Rofan-Tour (Tag 2)"},"content":{"rendered":"<p>Am zweiten Tag ging es schlie\u00dflich weiter von der Erfurter H\u00fctte \u00fcber die Rofanspitze und den Zireiner See zur Bayreuther H\u00fctte (und von dort am n\u00e4chsten Tag runter zum Bahnhof). Eine tolle Region!<\/p>\n<p><center><iframe loading=\"lazy\" width=\"560\" height=\"315\" src=\"https:\/\/www.youtube.com\/embed\/VPOjoPPCLbw\" frameborder=\"0\" allow=\"accelerometer; autoplay; encrypted-media; gyroscope; picture-in-picture\" allowfullscreen><\/iframe><\/center><\/p>\n","protected":false},"excerpt":{"rendered":"<p>Am zweiten Tag ging es schlie\u00dflich weiter von der Erfurter H\u00fctte \u00fcber die Rofanspitze und den Zireiner See zur Bayreuther&hellip;<\/p>\n","protected":false},"author":1,"featured_media":0,"comment_status":"open","ping_status":"open","sticky":false,"template":"","format":"standard","meta":{"footnotes":"","_links_to":"","_links_to_target":""},"categories":[7],"tags":[],"class_list":["post-37219","post","type-post","status-publish","format-standard","hentry","category-film-kultur"],"_links":{"self":[{"href":"https:\/\/www.gruen-wald.de\/wordpress\/wp-json\/wp\/v2\/posts\/37219"}],"collection":[{"href":"https:\/\/www.gruen-wald.de\/wordpress\/wp-json\/wp\/v2\/posts"}],"about":[{"href":"https:\/\/www.gruen-wald.de\/wordpress\/wp-json\/wp\/v2\/types\/post"}],"author":[{"embeddable":true,"href":"https:\/\/www.gruen-wald.de\/wordpress\/wp-json\/wp\/v2\/users\/1"}],"replies":[{"embeddable":true,"href":"https:\/\/www.gruen-wald.de\/wordpress\/wp-json\/wp\/v2\/comments?post=37219"}],"version-history":[{"count":0,"href":"https:\/\/www.gruen-wald.de\/wordpress\/wp-json\/wp\/v2\/posts\/37219\/revisions"}],"wp:attachment":[{"href":"https:\/\/www.gruen-wald.de\/wordpress\/wp-json\/wp\/v2\/media?parent=37219"}],"wp:term":[{"taxonomy":"category","embeddable":true,"href":"https:\/\/www.gruen-wald.de\/wordpress\/wp-json\/wp\/v2\/categories?post=37219"},{"taxonomy":"post_tag","embeddable":true,"href":"https:\/\/www.gruen-wald.de\/wordpress\/wp-json\/wp\/v2\/tags?post=37219"}],"curies":[{"name":"wp","href":"https:\/\/api.w.org\/{rel}","templated":true}]}}