{"id":37119,"date":"2020-03-28T06:39:14","date_gmt":"2020-03-28T05:39:14","guid":{"rendered":"https:\/\/www.gruen-wald.de\/wp\/?p=37119"},"modified":"2020-03-28T06:39:14","modified_gmt":"2020-03-28T05:39:14","slug":"virtuelles-vitamin-d-sonne-see-und-salzach-fruehling-im-salzburger-land-video","status":"publish","type":"post","link":"https:\/\/www.gruen-wald.de\/wordpress\/film-kultur\/virtuelles-vitamin-d-sonne-see-und-salzach-fruehling-im-salzburger-land-video\/","title":{"rendered":"Virtuelles Vitamin-D: Sonne, See und Salzach &#8211; Fr\u00fchling im Salzburger Land [Video]"},"content":{"rendered":"<p>Ein garantiert coronafreies Video, um euch durch die Ausgangsbeschr\u00e4nkungen zu f\u00fchren. Denn noch kurz bevor das alles los ging f\u00fchrte uns wiederum diese Wanderung vom Bahnhof Golling-Abtenau zu den Salzach\u00f6fen, von dort weiter zum Bluntautal-See und \u00fcber den Gollinger Wasserfall zur\u00fcck zum Bahnhof.<\/p>\n<p><center><iframe loading=\"lazy\" width=\"560\" height=\"315\" src=\"https:\/\/www.youtube.com\/embed\/rNbRv0704z0\" frameborder=\"0\" allow=\"accelerometer; autoplay; encrypted-media; gyroscope; picture-in-picture\" allowfullscreen><\/iframe><\/center><\/p>\n<p>Ich bin eigentlich ganz froh, nochmal drau\u00dfen gewesen zu sein. Mittlerweile ruft der Alpenverein sehr deutlich dazu auf, die Berge zu meiden. Nicht wegen Corona, sondern weil die Bergretter ggf. gerade woanders gebraucht werden&#8230;<\/p>\n<p>Und wenn man schon selbst nicht allzu weit weg kommt, helfen ja vielleicht ein dieser paar bewegten Bilder &#8211; zumindest bis man sich wieder in der weiten Natur und nicht nur zwischen den eigenen vier W\u00e4nden &#8222;einsiedeln&#8220; kann. \ud83d\ude09<\/p>\n","protected":false},"excerpt":{"rendered":"<p>Ein garantiert coronafreies Video, um euch durch die Ausgangsbeschr\u00e4nkungen zu f\u00fchren. Denn noch kurz bevor das alles los ging f\u00fchrte&hellip;<\/p>\n","protected":false},"author":1,"featured_media":0,"comment_status":"open","ping_status":"open","sticky":false,"template":"","format":"standard","meta":{"footnotes":"","_links_to":"","_links_to_target":""},"categories":[7],"tags":[],"class_list":["post-37119","post","type-post","status-publish","format-standard","hentry","category-film-kultur"],"_links":{"self":[{"href":"https:\/\/www.gruen-wald.de\/wordpress\/wp-json\/wp\/v2\/posts\/37119","targetHints":{"allow":["GET"]}}],"collection":[{"href":"https:\/\/www.gruen-wald.de\/wordpress\/wp-json\/wp\/v2\/posts"}],"about":[{"href":"https:\/\/www.gruen-wald.de\/wordpress\/wp-json\/wp\/v2\/types\/post"}],"author":[{"embeddable":true,"href":"https:\/\/www.gruen-wald.de\/wordpress\/wp-json\/wp\/v2\/users\/1"}],"replies":[{"embeddable":true,"href":"https:\/\/www.gruen-wald.de\/wordpress\/wp-json\/wp\/v2\/comments?post=37119"}],"version-history":[{"count":0,"href":"https:\/\/www.gruen-wald.de\/wordpress\/wp-json\/wp\/v2\/posts\/37119\/revisions"}],"wp:attachment":[{"href":"https:\/\/www.gruen-wald.de\/wordpress\/wp-json\/wp\/v2\/media?parent=37119"}],"wp:term":[{"taxonomy":"category","embeddable":true,"href":"https:\/\/www.gruen-wald.de\/wordpress\/wp-json\/wp\/v2\/categories?post=37119"},{"taxonomy":"post_tag","embeddable":true,"href":"https:\/\/www.gruen-wald.de\/wordpress\/wp-json\/wp\/v2\/tags?post=37119"}],"curies":[{"name":"wp","href":"https:\/\/api.w.org\/{rel}","templated":true}]}}