{"id":37101,"date":"2020-03-09T00:45:40","date_gmt":"2020-03-08T23:45:40","guid":{"rendered":"https:\/\/www.gruen-wald.de\/wp\/?p=37101"},"modified":"2020-03-09T00:45:40","modified_gmt":"2020-03-08T23:45:40","slug":"neues-aus-der-attraktionsbranche-beim-podcoaster","status":"publish","type":"post","link":"https:\/\/www.gruen-wald.de\/wordpress\/artikel\/neues-aus-der-attraktionsbranche-beim-podcoaster\/","title":{"rendered":"Neues aus der Attraktionsbranche beim Podcoaster"},"content":{"rendered":"<p><a href=\"https:\/\/pod.coaster.de\"><img loading=\"lazy\" decoding=\"async\" class=\"alignleft \" src=\"https:\/\/www.gruen-wald.de\/cms\/wp-content\/cache\/podlove\/d9\/2d9167fb105a06500bcceab8e616a2\/podcoaster-germany_400x400.png\" width=\"156\" height=\"156\" \/><\/a>Hans und ich waren flei\u00dfig und haben wieder zahlreiche Interviews mit Menschen aus der Attraktionsbranche gef\u00fchrt und als Podcast ver\u00f6ffentlicht.<\/p>\n<p>Zum einen sprach ich mit Alexander Bischoff vom <strong>Bayern-Park<\/strong>. \u00a0Ich wollte vor allem wissen, was uns bei dem neu geplanten Freifallturm alles erwartet (Stichworte: Storyline, Theming, B\u00fcgel) und weshalb der Park nicht an den \u00f6ffentlichen Nahverkehr angeschlossen ist. <a href=\"https:\/\/pod.coaster.de\/cms\/2020\/03\/pc024-alexander-bischoff-vom-bayern-park\/\">Die Episode findet ihr hier [klick!]<\/a>.<\/p>\n<p>Hans wiederum hat die <strong>Schaustellerfamilie Ahrend<\/strong> getroffen. Im Gespr\u00e4ch geht es um die Wettbewerbsbesonderheiten auf den Volksfestpl\u00e4tzen, den Einstieg in das Gesch\u00e4ft als junger Erwachsener, die Aufgaben w\u00e4hrend der &#8218;Off-Season&#8216; und das ewige Thema Fahrsicherheit von mobilen Anlagen. <a href=\"https:\/\/pod.coaster.de\/cms\/2020\/02\/pc022-mike-und-marlon-ahrend-vom-drifting-coaster\/\">Diese Episode findet ihr hier [klick!]<\/a>.<\/p>\n<p>Und wer dann immer noch nicht genug hat kann sich fast eine Stunde lang einen &#8222;Crashkurs&#8220; \u00fcber die <strong>Neuheiten 2020<\/strong> <a href=\"https:\/\/pod.coaster.de\/cms\/2020\/03\/pc023-neuheitencheck-2020\/\">in dieser speziellen Episode geben<\/a> (die wir allerdings schon im Januar aufgenommen haben und damit noch nicht jede Neuheit beinhaltet).<\/p>\n<p>Was? Ihr kennt den Podcoaster noch gar nicht? Dann aber schnell mit einem <a href=\"https:\/\/pod.coaster.de\/cms\/abonnieren\/\">Podfetcher eurer Wahl abonnieren<\/a> oder einfach auf <a href=\"https:\/\/open.spotify.com\/show\/5En4OcceThlcMEhJm9Cxsm\">Spotify &amp; Co<\/a> regelm\u00e4\u00dfig h\u00f6ren! \ud83d\ude42<\/p>\n","protected":false},"excerpt":{"rendered":"<p>Hans und ich waren flei\u00dfig und haben wieder zahlreiche Interviews mit Menschen aus der Attraktionsbranche gef\u00fchrt und als Podcast ver\u00f6ffentlicht.&hellip;<\/p>\n","protected":false},"author":1,"featured_media":0,"comment_status":"open","ping_status":"open","sticky":false,"template":"","format":"standard","meta":{"footnotes":"","_links_to":"","_links_to_target":""},"categories":[2,5],"tags":[],"class_list":["post-37101","post","type-post","status-publish","format-standard","hentry","category-artikel","category-erlebniswelten"],"_links":{"self":[{"href":"https:\/\/www.gruen-wald.de\/wordpress\/wp-json\/wp\/v2\/posts\/37101"}],"collection":[{"href":"https:\/\/www.gruen-wald.de\/wordpress\/wp-json\/wp\/v2\/posts"}],"about":[{"href":"https:\/\/www.gruen-wald.de\/wordpress\/wp-json\/wp\/v2\/types\/post"}],"author":[{"embeddable":true,"href":"https:\/\/www.gruen-wald.de\/wordpress\/wp-json\/wp\/v2\/users\/1"}],"replies":[{"embeddable":true,"href":"https:\/\/www.gruen-wald.de\/wordpress\/wp-json\/wp\/v2\/comments?post=37101"}],"version-history":[{"count":0,"href":"https:\/\/www.gruen-wald.de\/wordpress\/wp-json\/wp\/v2\/posts\/37101\/revisions"}],"wp:attachment":[{"href":"https:\/\/www.gruen-wald.de\/wordpress\/wp-json\/wp\/v2\/media?parent=37101"}],"wp:term":[{"taxonomy":"category","embeddable":true,"href":"https:\/\/www.gruen-wald.de\/wordpress\/wp-json\/wp\/v2\/categories?post=37101"},{"taxonomy":"post_tag","embeddable":true,"href":"https:\/\/www.gruen-wald.de\/wordpress\/wp-json\/wp\/v2\/tags?post=37101"}],"curies":[{"name":"wp","href":"https:\/\/api.w.org\/{rel}","templated":true}]}}