{"id":37091,"date":"2020-02-07T11:09:05","date_gmt":"2020-02-07T10:09:05","guid":{"rendered":"https:\/\/www.gruen-wald.de\/wp\/?p=37091"},"modified":"2020-02-07T11:09:05","modified_gmt":"2020-02-07T10:09:05","slug":"luebbe-hat-wenig-liebe-fuer-daedalic","status":"publish","type":"post","link":"https:\/\/www.gruen-wald.de\/wordpress\/artikel\/luebbe-hat-wenig-liebe-fuer-daedalic\/","title":{"rendered":"L\u00fcbbe hat wenig Liebe f\u00fcr Daedalic"},"content":{"rendered":"<p>Das K\u00f6lner Medienhaus\u00a0<em>Bastei L\u00fcbbe<\/em>\u00a0bringt ihrer Tochter\u00a0<strong>Daedalic<\/strong>\u00a0weiterhin wenig Liebe entgegen.<\/p>\n<p>Nach einigen schlecht laufenden Gesch\u00e4ftsjahren rechnet L\u00fcbbe auch f\u00fcr das laufende Gesch\u00e4ftsjahr mit Verlusten zwischen rund 6,7 bis 10,5 Millionen Euro vor Steuern. Der vormals versprochene \u00dcberschuss bleibt also aus. Und schuld daran sei laut einer\u00a0<a href=\"https:\/\/www.dgap.de\/dgap\/News\/corporate\/bastei-luebbe-bastei-luebbe-nimmt-wertminderungen-bei-der-prozentigen-finanzbeteiligung-daedalic-entertainment-vor-und-plant-restrukturierung\/?newsID=1271843\">Ad-Hoc-Medlung<\/a>: Daedalic Entertainment. \u00dcber die Hintergr\u00fcnde habe ich bei unserem Portal <a href=\"https:\/\/www.adventure-treff.de\/news\/16597-luebbe-daedalic-ist-nicht-zukunftsfaehig\">Adventure-Treff.de diese News verfasst (Klick!)<\/a>.<\/p>\n","protected":false},"excerpt":{"rendered":"<p>Das K\u00f6lner Medienhaus\u00a0Bastei L\u00fcbbe\u00a0bringt ihrer Tochter\u00a0Daedalic\u00a0weiterhin wenig Liebe entgegen. Nach einigen schlecht laufenden Gesch\u00e4ftsjahren rechnet L\u00fcbbe auch f\u00fcr das laufende&hellip;<\/p>\n","protected":false},"author":1,"featured_media":0,"comment_status":"open","ping_status":"open","sticky":false,"template":"","format":"standard","meta":{"footnotes":"","_links_to":"","_links_to_target":""},"categories":[2,9],"tags":[],"class_list":["post-37091","post","type-post","status-publish","format-standard","hentry","category-artikel","category-games"],"_links":{"self":[{"href":"https:\/\/www.gruen-wald.de\/wordpress\/wp-json\/wp\/v2\/posts\/37091"}],"collection":[{"href":"https:\/\/www.gruen-wald.de\/wordpress\/wp-json\/wp\/v2\/posts"}],"about":[{"href":"https:\/\/www.gruen-wald.de\/wordpress\/wp-json\/wp\/v2\/types\/post"}],"author":[{"embeddable":true,"href":"https:\/\/www.gruen-wald.de\/wordpress\/wp-json\/wp\/v2\/users\/1"}],"replies":[{"embeddable":true,"href":"https:\/\/www.gruen-wald.de\/wordpress\/wp-json\/wp\/v2\/comments?post=37091"}],"version-history":[{"count":0,"href":"https:\/\/www.gruen-wald.de\/wordpress\/wp-json\/wp\/v2\/posts\/37091\/revisions"}],"wp:attachment":[{"href":"https:\/\/www.gruen-wald.de\/wordpress\/wp-json\/wp\/v2\/media?parent=37091"}],"wp:term":[{"taxonomy":"category","embeddable":true,"href":"https:\/\/www.gruen-wald.de\/wordpress\/wp-json\/wp\/v2\/categories?post=37091"},{"taxonomy":"post_tag","embeddable":true,"href":"https:\/\/www.gruen-wald.de\/wordpress\/wp-json\/wp\/v2\/tags?post=37091"}],"curies":[{"name":"wp","href":"https:\/\/api.w.org\/{rel}","templated":true}]}}