{"id":37055,"date":"2020-01-12T17:27:04","date_gmt":"2020-01-12T16:27:04","guid":{"rendered":"https:\/\/blog.coaster.de\/wp\/?p=37055"},"modified":"2020-01-12T17:27:04","modified_gmt":"2020-01-12T16:27:04","slug":"umzug-auf-neues-template-und-neue-domain","status":"publish","type":"post","link":"https:\/\/www.gruen-wald.de\/wordpress\/notiz\/umzug-auf-neues-template-und-neue-domain\/","title":{"rendered":"Umzug auf neues Template und neue Domain"},"content":{"rendered":"<p>So, der Blog ist jetzt -wie angek\u00fcndigt- auf ein neues, schlichtes Template <strong>umgezogen<\/strong> und damit endlich auch responsive, also auf Mobilger\u00e4ten zugreifbar. Beim Umzug sind Kommentare von nach Silvester nicht mitgekommen, also bitte nicht wundern\/traurig sein.<\/p>\n<p>Da auf <a href=\"https:\/\/pod.coaster.de\">coaster.de<\/a> jetzt so langsam der Podcoaster durchstartet habe ich meinen (privaten) Blog au\u00dferdem auf die bislang verwaiste Domain <a href=\"https:\/\/www.gruen-wald.de\">gruen-wald.de<\/a> umgezogen. Ich will damit die verschiedenen Projekte deutlicher trennen. Ihr k\u00f6nnt aber den Blog trotzdem weiterhin \u00fcber <a href=\"https:\/\/blog.coaster.de\">blog.coaster.de<\/a> erreichen &#8211; er hei\u00dft halt nur einfach nicht mehr so.<\/p>\n<p>Es \u00e4ndert sich also erst mal nicht viel, au\u00dfer dem hier:<\/p>\n<ul>\n<li>Wer den Blog via RSS direkt von coaster.de bezieht, muss ggf. auf <a href=\"https:\/\/www.gruen-wald.de\/wp\/?feed=rss2\">diesen neuen RSS-Link updaten<\/a>. Besucher, die \u00fcber Feedburner beziehen, erhalten aber ein automatisches Update aus den neuen Feed.<\/li>\n<li>Wer den alten Blog nochmal braucht findet ihn vorerst weiterhin unter <a href=\"https:\/\/blog.coaster.de\/wordpress\/index.php\">diesem Link<\/a>. Auch die &#8222;alte&#8220; Links bleiben erst mal bestehen. Mittelfristig wird das alte Template dann, allein schon aus Sicherheitsgrunden, dann aber deaktiviert bzw. verschwindet hinter einem Passwortschutz.<\/li>\n<\/ul>\n<p>Die meisten alten Beitr\u00e4ge sind in den neuen Blog r\u00fcber migriert. Nicht \u00fcbernommen habe ich veraltete Funktionen wie die Blogroll, das Feature-Karrusell, den Newsletter und die Medien-Ecke mit den Fotos und den Videos. Da Google GooglePhotos ohnehin eingestellt hat und schon einen Gro\u00dfteil meiner dort archivierten Fotos gel\u00f6scht hat, pflege ich das nicht mehr weiter. Letztlich entspricht das aber auch mehr dem heutigem Verst\u00e4ndnis von Datenschutz. Bei einigen Blogbeitr\u00e4gen in der &#8222;Fotos&#8220;-Kategorie des Blogs ist die L\u00f6schaktion bereits auff\u00e4llig &#8211; dort findet ihr einige Fotostrecken nicht mehr. Wer irgendwas vermisst, kann mich ja aber jederzeit an mailen. Der Youtube-Kanal ist jetzt nicht mehr im Blog eingebunden &#8211; aber den d\u00fcrften eh alle direkt \u00fcber Youtube angesteuert haben. Die Downloads habe ich mal vorerst \u00fcbernommen, weil es immer noch Leute gibt, die hin und wieder f\u00fcr den ein oder anderen Patch diesen Blog besuchen.<\/p>\n<p>Zuk\u00fcnftig m\u00f6chte ich auf dem Blog einfach meine verschiedenen Aktivit\u00e4ten wie <em>Adventure-Treff<\/em>, den <em>Podcoaster<\/em> oder <em>BastiTours<\/em> zusammenf\u00fchren, damit man hier ein wenig sieht, was ich gerade so mache. Das war bislang nicht wirklich trennscharf. Vermutlich baue ich auch ein wenig st\u00e4rker meine beruflichen Aktivit\u00e4ten in den Blog ein &#8211; die waren bislang da ja nahezu v\u00f6llig ausgeklammert. Auf der Desktop-Version des Blogs ist rechts deswegen bereits das Widget &#8222;<em>Meine Internet-Projekte<\/em>&#8220; nach oben gerutscht (und ein wenig ausged\u00fcnnt). Gut m\u00f6glich, dass ich hier so nach und nach etwas ausbaue &#8211; ich gehe das ganz gem\u00fctlich an.<\/p>\n<p>PS: Mein <a href=\"https:\/\/www.gruen-wald.de\/wp\/blog-buch\/\">Buch-Autorenexemplar<\/a> ist immer noch nicht angekommen, daher gibt es hierzu bislang keine neuen Informationen &#8211; das kommt dann aber noch.<\/p>\n","protected":false},"excerpt":{"rendered":"<p>So, der Blog ist jetzt -wie angek\u00fcndigt- auf ein neues, schlichtes Template umgezogen und damit endlich auch responsive, also auf&hellip;<\/p>\n","protected":false},"author":1,"featured_media":0,"comment_status":"open","ping_status":"open","sticky":false,"template":"","format":"standard","meta":{"footnotes":"","_links_to":"","_links_to_target":""},"categories":[13],"tags":[],"class_list":["post-37055","post","type-post","status-publish","format-standard","hentry","category-notiz"],"_links":{"self":[{"href":"https:\/\/www.gruen-wald.de\/wordpress\/wp-json\/wp\/v2\/posts\/37055"}],"collection":[{"href":"https:\/\/www.gruen-wald.de\/wordpress\/wp-json\/wp\/v2\/posts"}],"about":[{"href":"https:\/\/www.gruen-wald.de\/wordpress\/wp-json\/wp\/v2\/types\/post"}],"author":[{"embeddable":true,"href":"https:\/\/www.gruen-wald.de\/wordpress\/wp-json\/wp\/v2\/users\/1"}],"replies":[{"embeddable":true,"href":"https:\/\/www.gruen-wald.de\/wordpress\/wp-json\/wp\/v2\/comments?post=37055"}],"version-history":[{"count":0,"href":"https:\/\/www.gruen-wald.de\/wordpress\/wp-json\/wp\/v2\/posts\/37055\/revisions"}],"wp:attachment":[{"href":"https:\/\/www.gruen-wald.de\/wordpress\/wp-json\/wp\/v2\/media?parent=37055"}],"wp:term":[{"taxonomy":"category","embeddable":true,"href":"https:\/\/www.gruen-wald.de\/wordpress\/wp-json\/wp\/v2\/categories?post=37055"},{"taxonomy":"post_tag","embeddable":true,"href":"https:\/\/www.gruen-wald.de\/wordpress\/wp-json\/wp\/v2\/tags?post=37055"}],"curies":[{"name":"wp","href":"https:\/\/api.w.org\/{rel}","templated":true}]}}