{"id":36923,"date":"2019-12-31T19:09:11","date_gmt":"2019-12-31T18:09:11","guid":{"rendered":"https:\/\/blog.coaster.de\/wp\/?p=36923"},"modified":"2019-12-31T19:09:11","modified_gmt":"2019-12-31T18:09:11","slug":"4998","status":"publish","type":"post","link":"https:\/\/www.gruen-wald.de\/wordpress\/privates\/4998\/","title":{"rendered":"4998"},"content":{"rendered":"<table width=\"100%\" cellspacing=\"10\" cellpadding=\"0\" border=\"0\" align=\"left\" bgcolor=\"#f3fcf9\" bordercolor=\"#bbe3e5\">\n<tr>\n<td>Zum neuen Jahr bahnt sich ein Ereignis an.<\/p>\n<p>Was es ist, wird noch nicht verraten. Es ist aber ein guter Grund, die letzten Jahre dieses Blogs mal Revue passieren zu lassen. Denn seit 2006 existiert blog.coaster.de schon. In diesen Beitr\u00e4gen vor Jahresende blicken wir daher zur\u00fcck auf jeweils ein Jahr Blogbetrieb.<\/td>\n<\/tr>\n<\/table>\n<p>&nbsp;<br \/>\n<strong>Das war das Jahr 2019 bei blog.coaster.de<\/strong>:<\/p>\n<p>Es ist Endspurt angesagt. Nicht nur im Blog, sondern auch politisch: Die Briten versuchten den Brexit \u00fcber die B\u00fchne zu bringen (ich verfolgte das interessiert) und Nico Semsrott k\u00e4mpfte sich gemeinsam mit Martin Sonneborn ins EU-Parlament. <\/p>\n<p>Ebenfalls Thema im Blog: Das Bankenwesen. Interessiert hat es mich schon immer, aber 2019 ist endg\u00fcltig der Peak der sogenannten Fintech-Phase angekommen. Ebenfalls auf einem Peak stand ich im Sommer: Der Hochk\u00f6nig ist endlich erklommen &#8211; gemeinsam wie immer mit tollen Videoausschnitten.<\/p>\n<p>Der &#8222;Podcoaster&#8220; bekam einen neuen Anstrich. Mit Jimmy Schulz verlie\u00df uns ein Kollege, ohne den auch mir der Einstieg in die Games-Szene deutlich schwerer gefallen w\u00e4re (Stichwort: Die ber\u00fchmte Hakenkreuz-Debatte in 2011)&#8230;<\/p>\n<table width=\"100%\" cellspacing=\"10\" cellpadding=\"0\" border=\"0\" align=\"left\" bgcolor=\"#f3fcf9\" bordercolor=\"#bbe3e5\">\n<tr>\n<td>Nat\u00fcrlich ist dies nur ein kleiner Auszug. Was sonst noch alles 2019 passierte? Dazu mehr im neuen Jahr!<\/p>\n<p><strong>Stay tuned!<\/strong><\/td>\n<\/tr>\n<\/table>\n","protected":false},"excerpt":{"rendered":"<p>Zum neuen Jahr bahnt sich ein Ereignis an. Was es ist, wird noch nicht verraten. Es ist aber ein guter&hellip;<\/p>\n","protected":false},"author":1,"featured_media":0,"comment_status":"open","ping_status":"open","sticky":false,"template":"","format":"standard","meta":{"footnotes":"","_links_to":"","_links_to_target":""},"categories":[15],"tags":[],"class_list":["post-36923","post","type-post","status-publish","format-standard","hentry","category-privates"],"_links":{"self":[{"href":"https:\/\/www.gruen-wald.de\/wordpress\/wp-json\/wp\/v2\/posts\/36923"}],"collection":[{"href":"https:\/\/www.gruen-wald.de\/wordpress\/wp-json\/wp\/v2\/posts"}],"about":[{"href":"https:\/\/www.gruen-wald.de\/wordpress\/wp-json\/wp\/v2\/types\/post"}],"author":[{"embeddable":true,"href":"https:\/\/www.gruen-wald.de\/wordpress\/wp-json\/wp\/v2\/users\/1"}],"replies":[{"embeddable":true,"href":"https:\/\/www.gruen-wald.de\/wordpress\/wp-json\/wp\/v2\/comments?post=36923"}],"version-history":[{"count":0,"href":"https:\/\/www.gruen-wald.de\/wordpress\/wp-json\/wp\/v2\/posts\/36923\/revisions"}],"wp:attachment":[{"href":"https:\/\/www.gruen-wald.de\/wordpress\/wp-json\/wp\/v2\/media?parent=36923"}],"wp:term":[{"taxonomy":"category","embeddable":true,"href":"https:\/\/www.gruen-wald.de\/wordpress\/wp-json\/wp\/v2\/categories?post=36923"},{"taxonomy":"post_tag","embeddable":true,"href":"https:\/\/www.gruen-wald.de\/wordpress\/wp-json\/wp\/v2\/tags?post=36923"}],"curies":[{"name":"wp","href":"https:\/\/api.w.org\/{rel}","templated":true}]}}