{"id":36827,"date":"2019-11-18T20:23:07","date_gmt":"2019-11-18T19:23:07","guid":{"rendered":"https:\/\/blog.coaster.de\/wp\/?p=36827"},"modified":"2019-11-18T20:23:07","modified_gmt":"2019-11-18T19:23:07","slug":"wie-putin-deutschland-spaltet","status":"publish","type":"post","link":"https:\/\/www.gruen-wald.de\/wordpress\/gesellschaft\/wie-putin-deutschland-spaltet\/","title":{"rendered":"Wie Putin Deutschland spaltet"},"content":{"rendered":"<p>Ein interessantes Radio-Feature gibt es bei der ARD.<\/p>\n<blockquote><p>Mitten in Deutschland spaltet Wladimir Putin Familien und Freunde in Putin-Gegner und Putin-Versteher. Was an Russlands starkem Mann gef\u00e4llt seinen Anh\u00e4ngern, dass sie sogar \u00fcber die Schattenseiten seiner Herrschaft hinwegsehen?<\/p><\/blockquote>\n<p>Der Beitrag l\u00e4sst erfreulicherweise beide Seiten zu Wort kommen. Hier zum <a href=\"https:\/\/www1.wdr.de\/mediathek\/audio\/wdr5\/wdr5-dok5-das-feature\/audio-das-ard-radiofeature-wie-putin-deutschland-spaltet-100.html\">anh\u00f6ren<\/a>.<\/p>\n","protected":false},"excerpt":{"rendered":"<p>Ein interessantes Radio-Feature gibt es bei der ARD. Mitten in Deutschland spaltet Wladimir Putin Familien und Freunde in Putin-Gegner und&hellip;<\/p>\n","protected":false},"author":1,"featured_media":0,"comment_status":"open","ping_status":"open","sticky":false,"template":"","format":"standard","meta":{"footnotes":"","_links_to":"","_links_to_target":""},"categories":[10],"tags":[],"class_list":["post-36827","post","type-post","status-publish","format-standard","hentry","category-gesellschaft"],"_links":{"self":[{"href":"https:\/\/www.gruen-wald.de\/wordpress\/wp-json\/wp\/v2\/posts\/36827","targetHints":{"allow":["GET"]}}],"collection":[{"href":"https:\/\/www.gruen-wald.de\/wordpress\/wp-json\/wp\/v2\/posts"}],"about":[{"href":"https:\/\/www.gruen-wald.de\/wordpress\/wp-json\/wp\/v2\/types\/post"}],"author":[{"embeddable":true,"href":"https:\/\/www.gruen-wald.de\/wordpress\/wp-json\/wp\/v2\/users\/1"}],"replies":[{"embeddable":true,"href":"https:\/\/www.gruen-wald.de\/wordpress\/wp-json\/wp\/v2\/comments?post=36827"}],"version-history":[{"count":0,"href":"https:\/\/www.gruen-wald.de\/wordpress\/wp-json\/wp\/v2\/posts\/36827\/revisions"}],"wp:attachment":[{"href":"https:\/\/www.gruen-wald.de\/wordpress\/wp-json\/wp\/v2\/media?parent=36827"}],"wp:term":[{"taxonomy":"category","embeddable":true,"href":"https:\/\/www.gruen-wald.de\/wordpress\/wp-json\/wp\/v2\/categories?post=36827"},{"taxonomy":"post_tag","embeddable":true,"href":"https:\/\/www.gruen-wald.de\/wordpress\/wp-json\/wp\/v2\/tags?post=36827"}],"curies":[{"name":"wp","href":"https:\/\/api.w.org\/{rel}","templated":true}]}}