{"id":36796,"date":"2019-11-09T18:19:20","date_gmt":"2019-11-09T17:19:20","guid":{"rendered":"https:\/\/blog.coaster.de\/wp\/?p=36796"},"modified":"2019-11-09T18:19:20","modified_gmt":"2019-11-09T17:19:20","slug":"podcoaster-im-neuen-gewand","status":"publish","type":"post","link":"https:\/\/www.gruen-wald.de\/wordpress\/internet-co\/podcoaster-im-neuen-gewand\/","title":{"rendered":"Podcoaster im neuen Gewand!"},"content":{"rendered":"<p>Der Podcoaster hat einen neuen Anstrich bekommen. <strong>Podcoaster Germany<\/strong>, das ist der Podcast von meinem Kollegen Hans und mir, in dem wir regelm\u00e4\u00dfig mit Leuten aus der Attraktionsbranche sprechen.\u00a0Das Design wird schlichter und das Logo sagt mehr aus, was wir eigentlich machen. Sukzessive rollen wir das Re-Design jetzt auf unserer Webseite und den sozialen Kan\u00e4len aus. Au\u00dferdem: Eine neue Kooperation ist in den Startl\u00f6chern. Wer genau hinsieht, sieht sie bereits.\u00a0<span class=\"_47e3 _5mfr\" title=\"\u201ewink\u201c-Emoticon\"><img loading=\"lazy\" decoding=\"async\" class=\"img\" role=\"presentation\" src=\"https:\/\/static.xx.fbcdn.net\/images\/emoji.php\/v9\/t57\/1\/16\/1f609.png\" alt=\"\" width=\"16\" height=\"16\" \/><\/span>\u00a0Alle Details dazu in der kommenden Episode!<\/p>\n<p style=\"text-align: center;\"><a href=\"https:\/\/pod.coaster.de\/cms\/podcast\/\"><img loading=\"lazy\" decoding=\"async\" class=\" aligncenter\" src=\"https:\/\/blog.coaster.de\/wp\/wp-content\/uploads\/2019\/11\/podcoaster_redesign.jpg\" width=\"560\" height=\"560\" \/><\/a>(<a href=\"https:\/\/pod.coaster.de\/cms\/podcast\/\">Foto klicken f\u00fcr Abo und mehr Details!<\/a>)<\/p>\n","protected":false},"excerpt":{"rendered":"<p>Der Podcoaster hat einen neuen Anstrich bekommen. Podcoaster Germany, das ist der Podcast von meinem Kollegen Hans und mir, in&hellip;<\/p>\n","protected":false},"author":1,"featured_media":0,"comment_status":"open","ping_status":"open","sticky":false,"template":"","format":"standard","meta":{"footnotes":"","_links_to":"","_links_to_target":""},"categories":[11,15],"tags":[],"class_list":["post-36796","post","type-post","status-publish","format-standard","hentry","category-internet-co","category-privates"],"_links":{"self":[{"href":"https:\/\/www.gruen-wald.de\/wordpress\/wp-json\/wp\/v2\/posts\/36796"}],"collection":[{"href":"https:\/\/www.gruen-wald.de\/wordpress\/wp-json\/wp\/v2\/posts"}],"about":[{"href":"https:\/\/www.gruen-wald.de\/wordpress\/wp-json\/wp\/v2\/types\/post"}],"author":[{"embeddable":true,"href":"https:\/\/www.gruen-wald.de\/wordpress\/wp-json\/wp\/v2\/users\/1"}],"replies":[{"embeddable":true,"href":"https:\/\/www.gruen-wald.de\/wordpress\/wp-json\/wp\/v2\/comments?post=36796"}],"version-history":[{"count":0,"href":"https:\/\/www.gruen-wald.de\/wordpress\/wp-json\/wp\/v2\/posts\/36796\/revisions"}],"wp:attachment":[{"href":"https:\/\/www.gruen-wald.de\/wordpress\/wp-json\/wp\/v2\/media?parent=36796"}],"wp:term":[{"taxonomy":"category","embeddable":true,"href":"https:\/\/www.gruen-wald.de\/wordpress\/wp-json\/wp\/v2\/categories?post=36796"},{"taxonomy":"post_tag","embeddable":true,"href":"https:\/\/www.gruen-wald.de\/wordpress\/wp-json\/wp\/v2\/tags?post=36796"}],"curies":[{"name":"wp","href":"https:\/\/api.w.org\/{rel}","templated":true}]}}