{"id":36783,"date":"2019-11-03T00:27:40","date_gmt":"2019-11-02T23:27:40","guid":{"rendered":"https:\/\/blog.coaster.de\/wp\/?p=36783"},"modified":"2019-11-03T00:27:40","modified_gmt":"2019-11-02T23:27:40","slug":"die-story-von-frontierland","status":"publish","type":"post","link":"https:\/\/www.gruen-wald.de\/wordpress\/erlebniswelten\/die-story-von-frontierland\/","title":{"rendered":"Die Story von Frontierland"},"content":{"rendered":"<p>Beim Besuch des Disneyland Paris dieses Jahr habe ich mir nochmal die Geschichte des Frontierlands zu Gem\u00fcte gef\u00fchrt. Hier hat Disney zwei Attraktionen in einer Backstory integriert. So ganz verst\u00e4ndlich ist sie nicht, weil es ein Westernthema etwas diffus mit Mystery verbindet, aber Laurent Cayuela von Walt Disney Imagineering versucht sie in diesem Video trotzdem mal zu erkl\u00e4ren (und verbindet es mit sch\u00f6nen Bildern dieses wirklich immer noch toll thematisierten Bereichs des Parks):<br \/>\n<center><iframe loading=\"lazy\" src=\"https:\/\/www.facebook.com\/plugins\/video.php?href=https%3A%2F%2Fwww.facebook.com%2FED92.org%2Fvideos%2F2417308751865306%2F&#038;show_text=0&#038;width=560\" width=\"560\" height=\"315\" style=\"border:none;overflow:hidden\" scrolling=\"no\" frameborder=\"0\" allowTransparency=\"true\" allowFullScreen=\"true\"><\/iframe><br \/>Quelle: <a href=\"https:\/\/www.facebook.com\/ED92.org\/videos\/2417308751865306\/\">ED92<\/a><\/center><\/p>\n","protected":false},"excerpt":{"rendered":"<p>Beim Besuch des Disneyland Paris dieses Jahr habe ich mir nochmal die Geschichte des Frontierlands zu Gem\u00fcte gef\u00fchrt. Hier hat&hellip;<\/p>\n","protected":false},"author":1,"featured_media":0,"comment_status":"open","ping_status":"open","sticky":false,"template":"","format":"standard","meta":{"footnotes":"","_links_to":"","_links_to_target":""},"categories":[5],"tags":[],"class_list":["post-36783","post","type-post","status-publish","format-standard","hentry","category-erlebniswelten"],"_links":{"self":[{"href":"https:\/\/www.gruen-wald.de\/wordpress\/wp-json\/wp\/v2\/posts\/36783","targetHints":{"allow":["GET"]}}],"collection":[{"href":"https:\/\/www.gruen-wald.de\/wordpress\/wp-json\/wp\/v2\/posts"}],"about":[{"href":"https:\/\/www.gruen-wald.de\/wordpress\/wp-json\/wp\/v2\/types\/post"}],"author":[{"embeddable":true,"href":"https:\/\/www.gruen-wald.de\/wordpress\/wp-json\/wp\/v2\/users\/1"}],"replies":[{"embeddable":true,"href":"https:\/\/www.gruen-wald.de\/wordpress\/wp-json\/wp\/v2\/comments?post=36783"}],"version-history":[{"count":0,"href":"https:\/\/www.gruen-wald.de\/wordpress\/wp-json\/wp\/v2\/posts\/36783\/revisions"}],"wp:attachment":[{"href":"https:\/\/www.gruen-wald.de\/wordpress\/wp-json\/wp\/v2\/media?parent=36783"}],"wp:term":[{"taxonomy":"category","embeddable":true,"href":"https:\/\/www.gruen-wald.de\/wordpress\/wp-json\/wp\/v2\/categories?post=36783"},{"taxonomy":"post_tag","embeddable":true,"href":"https:\/\/www.gruen-wald.de\/wordpress\/wp-json\/wp\/v2\/tags?post=36783"}],"curies":[{"name":"wp","href":"https:\/\/api.w.org\/{rel}","templated":true}]}}