{"id":36748,"date":"2019-10-26T13:03:50","date_gmt":"2019-10-26T11:03:50","guid":{"rendered":"https:\/\/blog.coaster.de\/wp\/?p=36748"},"modified":"2019-10-26T13:03:50","modified_gmt":"2019-10-26T11:03:50","slug":"der-atak-kehrt-zurueck","status":"publish","type":"post","link":"https:\/\/www.gruen-wald.de\/wordpress\/internet-co\/der-atak-kehrt-zurueck\/","title":{"rendered":"Der ATAK kehrt zur\u00fcck"},"content":{"rendered":"<div><img loading=\"lazy\" decoding=\"async\" class=\"alignleft \" src=\"https:\/\/blog.coaster.de\/wp\/wp-content\/uploads\/2017\/08\/logo_freigestellt.gif\" width=\"65\" height=\"75\" \/>Noch eine kleine Meldung in eigener Sache: Auch dieses Jahr wird es wieder den Adventure-Treff-Adventskalender geben: Jeden Tag eine R\u00e4tselnuss, die es zu knacken gilt. Nat\u00fcrlich gibt es auch wieder einiges zu gewinnen!<\/div>\n<p><\/p>\n<div>Wir haben dazu auf Adventure-Treff <a href=\"https:\/\/www.adventure-treff.de\/news\/16491-der-community-adventskalender-2019\">folgende News ver\u00f6ffentlicht<\/a>:<\/div>\n<blockquote>\n<div class=\"jrListingMainImage\">Das Jahr n\u00e4hert sich seinem Ende, die Bl\u00e4tter fallen von den B\u00e4umen, und trotz der noch milden Temperaturen m\u00fcssen wir uns auf den Winter vorbereiten. Das hei\u00dft aber auch, dass f\u00fcr unsere Community die spannendste Zeit des Jahres n\u00e4her r\u00fcckt. Denn wie es bei Adventure-Treff Tradition ist, steht in der kalten Jahreszeit ein besonderes Ereignis an: Der\u00a0<strong>Adventure-Treff-Community-Adventskalender<\/strong>.<\/div>\n<p><\/p>\n<div class=\"jrListingMainImage\">Wie schon in den vergangenen Jahren wird auch 2019 unser Forenmitglied <strong>Einzelk\u00e4mpfer<\/strong>\u00a0im Einzelkampf tapfer und souver\u00e4n die Organisation dieses j\u00e4hrlich mit Spannung erwarteten Foren-Events \u00fcbernehmen. Und w\u00e4hrend die Adventure-Treff-Redaktion flei\u00dfig damit besch\u00e4ftigt ist, Sponsoren und Gewinne zu sammeln, nimmt er schon R\u00e4tsel entgegen. R\u00e4tselautoren d\u00fcrfen sich ab sofort zur Verf\u00fcgung stellen und ihre sch\u00e4ndlich gemeinen R\u00e4tselideen vorab ank\u00fcndigen, um ihre Mitr\u00e4tsler ab dem 1. Dezember in den Wahnsinn zu treiben.<\/div>\n<p><\/p>\n<div>Alle Informationen zum &#8218;wie&#8216;, &#8218;wann&#8216;, &#8218;wo&#8216; und &#8218;warum&#8216; findet ihr ab sofort im entsprechenden\u00a0<a href=\"https:\/\/www.adventure-treff.de\/forum\/57\/24674\">Forenthread<\/a>.<\/div>\n<\/blockquote>\n<p>Wir freuen uns schon wieder auf die sch\u00f6ne, schlimme Zeit mit euch. \ud83d\ude09<\/p>\n","protected":false},"excerpt":{"rendered":"<p>Noch eine kleine Meldung in eigener Sache: Auch dieses Jahr wird es wieder den Adventure-Treff-Adventskalender geben: Jeden Tag eine R\u00e4tselnuss,&hellip;<\/p>\n","protected":false},"author":1,"featured_media":0,"comment_status":"open","ping_status":"open","sticky":false,"template":"","format":"standard","meta":{"footnotes":"","_links_to":"","_links_to_target":""},"categories":[11],"tags":[],"class_list":["post-36748","post","type-post","status-publish","format-standard","hentry","category-internet-co"],"_links":{"self":[{"href":"https:\/\/www.gruen-wald.de\/wordpress\/wp-json\/wp\/v2\/posts\/36748"}],"collection":[{"href":"https:\/\/www.gruen-wald.de\/wordpress\/wp-json\/wp\/v2\/posts"}],"about":[{"href":"https:\/\/www.gruen-wald.de\/wordpress\/wp-json\/wp\/v2\/types\/post"}],"author":[{"embeddable":true,"href":"https:\/\/www.gruen-wald.de\/wordpress\/wp-json\/wp\/v2\/users\/1"}],"replies":[{"embeddable":true,"href":"https:\/\/www.gruen-wald.de\/wordpress\/wp-json\/wp\/v2\/comments?post=36748"}],"version-history":[{"count":0,"href":"https:\/\/www.gruen-wald.de\/wordpress\/wp-json\/wp\/v2\/posts\/36748\/revisions"}],"wp:attachment":[{"href":"https:\/\/www.gruen-wald.de\/wordpress\/wp-json\/wp\/v2\/media?parent=36748"}],"wp:term":[{"taxonomy":"category","embeddable":true,"href":"https:\/\/www.gruen-wald.de\/wordpress\/wp-json\/wp\/v2\/categories?post=36748"},{"taxonomy":"post_tag","embeddable":true,"href":"https:\/\/www.gruen-wald.de\/wordpress\/wp-json\/wp\/v2\/tags?post=36748"}],"curies":[{"name":"wp","href":"https:\/\/api.w.org\/{rel}","templated":true}]}}