{"id":36448,"date":"2019-07-21T20:00:10","date_gmt":"2019-07-21T18:00:10","guid":{"rendered":"https:\/\/blog.coaster.de\/wp\/?p=36448"},"modified":"2019-07-21T20:00:10","modified_gmt":"2019-07-21T18:00:10","slug":"westworld-season-3","status":"publish","type":"post","link":"https:\/\/www.gruen-wald.de\/wordpress\/medien\/westworld-season-3\/","title":{"rendered":"Westworld Season 3"},"content":{"rendered":"<p>Ich bin wirklich gespannt, ob sie die etwas verfahrene zweite Staffel wieder auffangen k\u00f6nnen&#8230;<br \/>\n<center><\/p>\n<blockquote class=\"twitter-tweet\" data-lang=\"de\">\n<p lang=\"en\" dir=\"ltr\">We all have a role to play. <a href=\"https:\/\/twitter.com\/hashtag\/Westworld?src=hash&amp;ref_src=twsrc%5Etfw\">#Westworld<\/a> <a href=\"https:\/\/t.co\/mkoCiGQVOm\">pic.twitter.com\/mkoCiGQVOm<\/a><\/p>\n<p>&mdash; Westworld (@WestworldHBO) <a href=\"https:\/\/twitter.com\/WestworldHBO\/status\/1152675396695072769?ref_src=twsrc%5Etfw\">20. Juli 2019<\/a><\/p><\/blockquote>\n<p><script async src=\"https:\/\/platform.twitter.com\/widgets.js\" charset=\"utf-8\"><\/script><\/center><br \/>\nDer Trailer macht mir durchaus Hoffnung, dass man zu den philosophischen Fragestellungen und genialen Plottwists zur\u00fcckkehrt, die Staffel 1 so fantastisch machten w\u00e4hrend Staffel 2 zum Teil k\u00fcnstlich in die L\u00e4nge gezogen, teils belanglos und teils (hoffentlich?) als reine \u00dcberleitung zur dritten Staffel daherkam. Mal schauen ob es HBO gelingt, nach GoT zumindest ihr zweites gro\u00dfes Steckenpferd zu einem runden Ende zu bringen. Einfach wird es auch hier nicht werden. \ud83d\ude09<\/p>\n","protected":false},"excerpt":{"rendered":"<p>Ich bin wirklich gespannt, ob sie die etwas verfahrene zweite Staffel wieder auffangen k\u00f6nnen&#8230; We all have a role to&hellip;<\/p>\n","protected":false},"author":1,"featured_media":0,"comment_status":"open","ping_status":"open","sticky":false,"template":"","format":"standard","meta":{"footnotes":"","_links_to":"","_links_to_target":""},"categories":[12],"tags":[],"class_list":["post-36448","post","type-post","status-publish","format-standard","hentry","category-medien"],"_links":{"self":[{"href":"https:\/\/www.gruen-wald.de\/wordpress\/wp-json\/wp\/v2\/posts\/36448","targetHints":{"allow":["GET"]}}],"collection":[{"href":"https:\/\/www.gruen-wald.de\/wordpress\/wp-json\/wp\/v2\/posts"}],"about":[{"href":"https:\/\/www.gruen-wald.de\/wordpress\/wp-json\/wp\/v2\/types\/post"}],"author":[{"embeddable":true,"href":"https:\/\/www.gruen-wald.de\/wordpress\/wp-json\/wp\/v2\/users\/1"}],"replies":[{"embeddable":true,"href":"https:\/\/www.gruen-wald.de\/wordpress\/wp-json\/wp\/v2\/comments?post=36448"}],"version-history":[{"count":0,"href":"https:\/\/www.gruen-wald.de\/wordpress\/wp-json\/wp\/v2\/posts\/36448\/revisions"}],"wp:attachment":[{"href":"https:\/\/www.gruen-wald.de\/wordpress\/wp-json\/wp\/v2\/media?parent=36448"}],"wp:term":[{"taxonomy":"category","embeddable":true,"href":"https:\/\/www.gruen-wald.de\/wordpress\/wp-json\/wp\/v2\/categories?post=36448"},{"taxonomy":"post_tag","embeddable":true,"href":"https:\/\/www.gruen-wald.de\/wordpress\/wp-json\/wp\/v2\/tags?post=36448"}],"curies":[{"name":"wp","href":"https:\/\/api.w.org\/{rel}","templated":true}]}}