{"id":36282,"date":"2019-05-28T18:35:07","date_gmt":"2019-05-28T16:35:07","guid":{"rendered":"https:\/\/blog.coaster.de\/wp\/?p=36282"},"modified":"2019-05-28T18:35:07","modified_gmt":"2019-05-28T16:35:07","slug":"spitzenkandidatenprozess-ploetzlich-in-der-schwebe","status":"publish","type":"post","link":"https:\/\/www.gruen-wald.de\/wordpress\/privates\/spitzenkandidatenprozess-ploetzlich-in-der-schwebe\/","title":{"rendered":"Spitzenkandidatenprozess pl\u00f6tzlich in der Schwebe"},"content":{"rendered":"<p>Kann mir kurz jemand erkl\u00e4ren, wie man in einer Krise, in welcher der EU eh schon &#8222;Undemokratie&#8220; vorgeworfen wird, auch noch an dem (eh schon schwachen) <a href=\"https:\/\/www.zeit.de\/politik\/ausland\/2019-05\/eu-kommissionspraesident-emmanuel-macron-frankreich-margrethe-vestager\">demokratischen Prinzip der Spitzenkandidaten r\u00fctteln kann<\/a>?<\/p>\n<p>Das Prinzip wurde eingef\u00fchrt, um das EU-Parlament und die Demokratie zu st\u00e4rken: Die st\u00e4rkste Fraktion im EU-Parlament stellt den\/die EU-Kommissionspr\u00e4sidenten\/in, genau wie die st\u00e4rkste Fraktion im Bundestag den\/die Bundekanzler\/in stellt. Weil vor 5 Jahren die EVP st\u00e4rkste Fraktion war, wurde Jean-Claude-Juncker Pr\u00e4sident. Davor wurden die Pr\u00e4sidenten quasi unter den Staatschefs ausgemacht &#8211; eine legitime Kritik, die EU-Gegner hier immer wieder vorbrachten und was vor einiger Zeit eben endlich ge\u00e4ndert wurde. Jetzt stellen sich aber u.a. Frankreich hin und sagen: Daran brauchen wir uns nicht zu halten.<\/p>\n<p>Was soll das? Wer kl\u00e4rt mich auf? Das gibt genau den Kr\u00e4ften Auftrieb (und Recht), welche die EU f\u00fcr undemokratisch gew\u00e4hlt halten. Seit wann r\u00fctteln wir pl\u00f6tzlich wieder an dieser hart erarbeiteten Grundfeste? \ud83d\ude41<\/p>\n","protected":false},"excerpt":{"rendered":"<p>Kann mir kurz jemand erkl\u00e4ren, wie man in einer Krise, in welcher der EU eh schon &#8222;Undemokratie&#8220; vorgeworfen wird, auch&hellip;<\/p>\n","protected":false},"author":1,"featured_media":0,"comment_status":"open","ping_status":"open","sticky":false,"template":"","format":"standard","meta":{"footnotes":"","_links_to":"","_links_to_target":""},"categories":[15],"tags":[],"class_list":["post-36282","post","type-post","status-publish","format-standard","hentry","category-privates"],"_links":{"self":[{"href":"https:\/\/www.gruen-wald.de\/wordpress\/wp-json\/wp\/v2\/posts\/36282"}],"collection":[{"href":"https:\/\/www.gruen-wald.de\/wordpress\/wp-json\/wp\/v2\/posts"}],"about":[{"href":"https:\/\/www.gruen-wald.de\/wordpress\/wp-json\/wp\/v2\/types\/post"}],"author":[{"embeddable":true,"href":"https:\/\/www.gruen-wald.de\/wordpress\/wp-json\/wp\/v2\/users\/1"}],"replies":[{"embeddable":true,"href":"https:\/\/www.gruen-wald.de\/wordpress\/wp-json\/wp\/v2\/comments?post=36282"}],"version-history":[{"count":0,"href":"https:\/\/www.gruen-wald.de\/wordpress\/wp-json\/wp\/v2\/posts\/36282\/revisions"}],"wp:attachment":[{"href":"https:\/\/www.gruen-wald.de\/wordpress\/wp-json\/wp\/v2\/media?parent=36282"}],"wp:term":[{"taxonomy":"category","embeddable":true,"href":"https:\/\/www.gruen-wald.de\/wordpress\/wp-json\/wp\/v2\/categories?post=36282"},{"taxonomy":"post_tag","embeddable":true,"href":"https:\/\/www.gruen-wald.de\/wordpress\/wp-json\/wp\/v2\/tags?post=36282"}],"curies":[{"name":"wp","href":"https:\/\/api.w.org\/{rel}","templated":true}]}}