{"id":36274,"date":"2019-05-24T23:44:35","date_gmt":"2019-05-24T21:44:35","guid":{"rendered":"https:\/\/blog.coaster.de\/wp\/?p=36274"},"modified":"2019-05-24T23:44:35","modified_gmt":"2019-05-24T21:44:35","slug":"strachevideo-und-pressefreiheit","status":"publish","type":"post","link":"https:\/\/www.gruen-wald.de\/wordpress\/medien\/strachevideo-und-pressefreiheit\/","title":{"rendered":"Strachevideo und Pressefreiheit"},"content":{"rendered":"<p>Eine sehr gute Abhandlung bez\u00fcgliche dem Strache-Video und der Pressefreiheit in ein wenig gr\u00f6\u00dferem Kontext gibt es derzeit bei der <a href=\"https:\/\/www.sueddeutsche.de\/politik\/strache-video-ibiza-medien-1.4460951\">S\u00fcddeutschen<\/a>. Lesenswert.<\/p>\n","protected":false},"excerpt":{"rendered":"<p>Eine sehr gute Abhandlung bez\u00fcgliche dem Strache-Video und der Pressefreiheit in ein wenig gr\u00f6\u00dferem Kontext gibt es derzeit bei der&hellip;<\/p>\n","protected":false},"author":1,"featured_media":0,"comment_status":"open","ping_status":"open","sticky":false,"template":"","format":"standard","meta":{"footnotes":"","_links_to":"","_links_to_target":""},"categories":[12],"tags":[],"class_list":["post-36274","post","type-post","status-publish","format-standard","hentry","category-medien"],"_links":{"self":[{"href":"https:\/\/www.gruen-wald.de\/wordpress\/wp-json\/wp\/v2\/posts\/36274"}],"collection":[{"href":"https:\/\/www.gruen-wald.de\/wordpress\/wp-json\/wp\/v2\/posts"}],"about":[{"href":"https:\/\/www.gruen-wald.de\/wordpress\/wp-json\/wp\/v2\/types\/post"}],"author":[{"embeddable":true,"href":"https:\/\/www.gruen-wald.de\/wordpress\/wp-json\/wp\/v2\/users\/1"}],"replies":[{"embeddable":true,"href":"https:\/\/www.gruen-wald.de\/wordpress\/wp-json\/wp\/v2\/comments?post=36274"}],"version-history":[{"count":0,"href":"https:\/\/www.gruen-wald.de\/wordpress\/wp-json\/wp\/v2\/posts\/36274\/revisions"}],"wp:attachment":[{"href":"https:\/\/www.gruen-wald.de\/wordpress\/wp-json\/wp\/v2\/media?parent=36274"}],"wp:term":[{"taxonomy":"category","embeddable":true,"href":"https:\/\/www.gruen-wald.de\/wordpress\/wp-json\/wp\/v2\/categories?post=36274"},{"taxonomy":"post_tag","embeddable":true,"href":"https:\/\/www.gruen-wald.de\/wordpress\/wp-json\/wp\/v2\/tags?post=36274"}],"curies":[{"name":"wp","href":"https:\/\/api.w.org\/{rel}","templated":true}]}}