{"id":36265,"date":"2019-05-22T12:16:02","date_gmt":"2019-05-22T10:16:02","guid":{"rendered":"https:\/\/blog.coaster.de\/wp\/?p=36265"},"modified":"2019-05-22T12:16:02","modified_gmt":"2019-05-22T10:16:02","slug":"obermay-ier-zu-gast-bei-lanz-strachevideo","status":"publish","type":"post","link":"https:\/\/www.gruen-wald.de\/wordpress\/medien\/obermay-ier-zu-gast-bei-lanz-strachevideo\/","title":{"rendered":"Obermay\/ier zu Gast bei Lanz #strachevideo"},"content":{"rendered":"<p>Die Journalisten Bastian Obermayer und Frederik Obermaier (hatte ich <a href=\"\/wp\/2019\/05\/on-secrets-leaks-and-scandals-strachevideo\/\">hier<\/a> schon angesprochen) waren gemeinsam mit Moderatorin Corinna Milborn und Entertainer Herman van Veen zu Gast bei Markus Lanz und erz\u00e4hlen ein wenig ausf\u00fchrlicher \u00fcber die Herkunft des Strache-Videos. Hier zu sehen:<\/p>\n<p><center><iframe loading=\"lazy\" src=\"https:\/\/ngp.zdf.de\/miniplayer\/embed\/?mediaID=%2Fzdf%2Fgesellschaft%2Fmarkus-lanz%2Fmarkus-lanz-vom-21-mai-2019-100\" width=\"560\" height=\"320\" frameborder=\"0\" allowfullscreen><\/iframe><\/center><\/p>\n","protected":false},"excerpt":{"rendered":"<p>Die Journalisten Bastian Obermayer und Frederik Obermaier (hatte ich hier schon angesprochen) waren gemeinsam mit Moderatorin Corinna Milborn und Entertainer&hellip;<\/p>\n","protected":false},"author":1,"featured_media":0,"comment_status":"open","ping_status":"open","sticky":false,"template":"","format":"standard","meta":{"footnotes":"","_links_to":"","_links_to_target":""},"categories":[12],"tags":[],"class_list":["post-36265","post","type-post","status-publish","format-standard","hentry","category-medien"],"_links":{"self":[{"href":"https:\/\/www.gruen-wald.de\/wordpress\/wp-json\/wp\/v2\/posts\/36265"}],"collection":[{"href":"https:\/\/www.gruen-wald.de\/wordpress\/wp-json\/wp\/v2\/posts"}],"about":[{"href":"https:\/\/www.gruen-wald.de\/wordpress\/wp-json\/wp\/v2\/types\/post"}],"author":[{"embeddable":true,"href":"https:\/\/www.gruen-wald.de\/wordpress\/wp-json\/wp\/v2\/users\/1"}],"replies":[{"embeddable":true,"href":"https:\/\/www.gruen-wald.de\/wordpress\/wp-json\/wp\/v2\/comments?post=36265"}],"version-history":[{"count":0,"href":"https:\/\/www.gruen-wald.de\/wordpress\/wp-json\/wp\/v2\/posts\/36265\/revisions"}],"wp:attachment":[{"href":"https:\/\/www.gruen-wald.de\/wordpress\/wp-json\/wp\/v2\/media?parent=36265"}],"wp:term":[{"taxonomy":"category","embeddable":true,"href":"https:\/\/www.gruen-wald.de\/wordpress\/wp-json\/wp\/v2\/categories?post=36265"},{"taxonomy":"post_tag","embeddable":true,"href":"https:\/\/www.gruen-wald.de\/wordpress\/wp-json\/wp\/v2\/tags?post=36265"}],"curies":[{"name":"wp","href":"https:\/\/api.w.org\/{rel}","templated":true}]}}