{"id":36185,"date":"2019-04-25T22:39:55","date_gmt":"2019-04-25T20:39:55","guid":{"rendered":"https:\/\/blog.coaster.de\/wp\/?p=36185"},"modified":"2019-04-25T22:39:55","modified_gmt":"2019-04-25T20:39:55","slug":"rehleitenkopf","status":"publish","type":"post","link":"https:\/\/www.gruen-wald.de\/wordpress\/fotos\/rehleitenkopf\/","title":{"rendered":"Rehleitenkopf"},"content":{"rendered":"<p>Heute habe ich spontan beschlossen, einen eigentlich fast nirgendswo erw\u00e4hnten (und auch nicht ausgeschilderten) Weg auf den <a href=\"https:\/\/de.wikipedia.org\/wiki\/Rehleitenkopf\">Rehleitenkopf<\/a> (1338m) zu gehen. Daf\u00fcr hab ich mein Auto am <a href=\"https:\/\/goo.gl\/maps\/oNp22TTuMPkHaykL9\">Bichlersee-Parkplatz<\/a> (ca. 950m) abgestellt und bin dann \u00fcber den Bichlersee weiter zur Bichler-Alm (sehr unscheinbarem Schild Richtung Asten folgend, kurze seilversicherte Stelle), von dort zur Klamm-Alm und dann weiter bis zur Abzweigung zur Hohen Asten (sehr sch\u00f6n ist daf\u00fcr der aufgelassene, aber noch markierte Steig, der zwischen Mitterberg und Hohe Asten den Weg \u00fcber eine sch\u00f6ne Weidefl\u00e4che abk\u00fcrzt, aber man kann auch den Schildern folgen).<\/p>\n<p>Wenn man dann nicht nach Asten geht sondern in die andere Richtung immer aufw\u00e4rts kommt man unausgeschildert auf den Rehleitenkopf. Trotz Osterferien war ich auf meiner Tour dabei allein unterwegs. Kurz vor dem Gipfel kommt eine riesige Gr\u00fcnfl\u00e4che, die im Sommer sicherlich ganz wunderbar zum chillen und entspannen einl\u00e4dt. In meinem Fall begr\u00fc\u00dften mich zwei Pferde, die den Ausblick genossen. Bei der R\u00fcckkehr kam mir dann noch eine Schafherde mit Neugeborenen entgegen.<br \/>\n<center><\/p>\n<blockquote class=\"twitter-tweet\" data-lang=\"de\">\n<p lang=\"en\" dir=\"ltr\">Horses and newborn lambkins joined me on my complete lonesome hike today. Sometimes it&#39;s a good idea to just take a route no-one ever mentioned&#8230; &lt;3 <a href=\"https:\/\/t.co\/15YhP1ZaPR\">pic.twitter.com\/15YhP1ZaPR<\/a><\/p>\n<p>&mdash; Sebastian Gr\u00fcnwald (@bastigruenwald) <a href=\"https:\/\/twitter.com\/bastigruenwald\/status\/1121494169913122817?ref_src=twsrc%5Etfw\">25. April 2019<\/a><\/p><\/blockquote>\n<p><script async src=\"https:\/\/platform.twitter.com\/widgets.js\" charset=\"utf-8\"><\/script><\/center><br \/>\nZur\u00fcck geht es entweder auf dem gleichen Weg oder man nimmt einen aufgelassenen (nur noch schwer zu erkennenden) Steig, der s\u00fcdlich des Mittagberges oberhalb der Regauer-Almen endet und dann \u00fcber dem Bichlersee zur\u00fcck zum Regau-Parkplatz verl\u00e4uft. Allesamt scheinen die Wege eher vergessen zu sein. Die meisten Besucher in Regau wandern meist eh nur zum Bichlersee. Ich fand&#8217;s eine Superidee und noch dazu h\u00f6henmeterm\u00e4\u00dfig extrem entspannt. <a href=\"https:\/\/www.odrive.com\/s\/d01ae971-a0b7-4c08-9501-3d7637e553e6-5cc21a5a\">Hier ein GPX f\u00fcr euer GPS<\/a>.<\/p>\n","protected":false},"excerpt":{"rendered":"<p>Heute habe ich spontan beschlossen, einen eigentlich fast nirgendswo erw\u00e4hnten (und auch nicht ausgeschilderten) Weg auf den Rehleitenkopf (1338m) zu&hellip;<\/p>\n","protected":false},"author":1,"featured_media":0,"comment_status":"open","ping_status":"open","sticky":false,"template":"","format":"standard","meta":{"footnotes":"","_links_to":"","_links_to_target":""},"categories":[8],"tags":[],"class_list":["post-36185","post","type-post","status-publish","format-standard","hentry","category-fotos"],"_links":{"self":[{"href":"https:\/\/www.gruen-wald.de\/wordpress\/wp-json\/wp\/v2\/posts\/36185","targetHints":{"allow":["GET"]}}],"collection":[{"href":"https:\/\/www.gruen-wald.de\/wordpress\/wp-json\/wp\/v2\/posts"}],"about":[{"href":"https:\/\/www.gruen-wald.de\/wordpress\/wp-json\/wp\/v2\/types\/post"}],"author":[{"embeddable":true,"href":"https:\/\/www.gruen-wald.de\/wordpress\/wp-json\/wp\/v2\/users\/1"}],"replies":[{"embeddable":true,"href":"https:\/\/www.gruen-wald.de\/wordpress\/wp-json\/wp\/v2\/comments?post=36185"}],"version-history":[{"count":0,"href":"https:\/\/www.gruen-wald.de\/wordpress\/wp-json\/wp\/v2\/posts\/36185\/revisions"}],"wp:attachment":[{"href":"https:\/\/www.gruen-wald.de\/wordpress\/wp-json\/wp\/v2\/media?parent=36185"}],"wp:term":[{"taxonomy":"category","embeddable":true,"href":"https:\/\/www.gruen-wald.de\/wordpress\/wp-json\/wp\/v2\/categories?post=36185"},{"taxonomy":"post_tag","embeddable":true,"href":"https:\/\/www.gruen-wald.de\/wordpress\/wp-json\/wp\/v2\/tags?post=36185"}],"curies":[{"name":"wp","href":"https:\/\/api.w.org\/{rel}","templated":true}]}}