{"id":35884,"date":"2019-01-19T07:52:35","date_gmt":"2019-01-19T06:52:35","guid":{"rendered":"http:\/\/blog.coaster.de\/wp\/?p=35884"},"modified":"2019-01-19T07:52:35","modified_gmt":"2019-01-19T06:52:35","slug":"brennen-am-aschenbrenner","status":"publish","type":"post","link":"https:\/\/www.gruen-wald.de\/wordpress\/film-kultur\/brennen-am-aschenbrenner\/","title":{"rendered":"Brennen am Aschenbrenner"},"content":{"rendered":"<p>Den Aschenbrenner hatte ich das letzte Mal vor 4 Jahren besucht. Wir hatten uns etwas im Sonnenstand verguckt (und dabei wohl nebenbei unbemerkt eine Heirat mit geebnet) und die Rodelpiste deswegen nur noch im Mondschein mitbekommen. Dass es sich um eine ganz au\u00dfergew\u00f6hnlich tolle Bahn handeln musste, war mir aber schon damals aufgefallen. Leider ist sie nicht allzu schneesicher, also hat der Wiederbesuch etwas auf sich warten lassen.<\/p>\n<p>Jetzt war es soweit, und was soll ich sagen: Immer noch eine ganz herausragende Strecke. Es stimmt alles. Konstant Geschwindigkeit, tolle Geraden, spannende Kurven, super Ausblick, perfekt pr\u00e4pariert &#8211; und das durchgehend \u00fcber eine gewaltig lange Strecke. Ich bin wieder beeindruckt. Das Video h\u00e4lt zwei Invalide fest: Der vor mir hatte mit Bandscheiben zu k\u00e4mpfen und konnte nicht richtig Gas geben und ich selbst hatte auf halber Strecke pl\u00f6tzlich einen Wadenkrampf im rechten Bein und musste mir \u00fcberlegen, ob ich Gas gebe oder unter Schmerzen bremse.<\/p>\n<p>Hab mich dann f\u00fcr&#8217;s Gas geben entschieden. Zumindest bis der Rodel beschloss, mich mal eben ein paar Meter nach vorne auf die Bahn zu werfen. Dann musste es doch ein wenig der Schmerz sein, um nicht die Leitplanken zu k\u00fcssen. \ud83d\ude09 Egal! Trotz Schmerz war die Fahrt in die Abendsonne ein Genuss! Ich komme bestimmt ein drittes Mal.<\/p>\n<p style=\"text-align: center;\"><iframe loading=\"lazy\" width=\"560\" height=\"315\" src=\"https:\/\/www.youtube.com\/embed\/ht8IUmGGhS0\" frameborder=\"0\" allow=\"accelerometer; autoplay; encrypted-media; gyroscope; picture-in-picture\" allowfullscreen><\/iframe><\/p>\n","protected":false},"excerpt":{"rendered":"<p>Den Aschenbrenner hatte ich das letzte Mal vor 4 Jahren besucht. Wir hatten uns etwas im Sonnenstand verguckt (und dabei&hellip;<\/p>\n","protected":false},"author":1,"featured_media":0,"comment_status":"open","ping_status":"open","sticky":false,"template":"","format":"standard","meta":{"footnotes":"","_links_to":"","_links_to_target":""},"categories":[7],"tags":[],"class_list":["post-35884","post","type-post","status-publish","format-standard","hentry","category-film-kultur"],"_links":{"self":[{"href":"https:\/\/www.gruen-wald.de\/wordpress\/wp-json\/wp\/v2\/posts\/35884","targetHints":{"allow":["GET"]}}],"collection":[{"href":"https:\/\/www.gruen-wald.de\/wordpress\/wp-json\/wp\/v2\/posts"}],"about":[{"href":"https:\/\/www.gruen-wald.de\/wordpress\/wp-json\/wp\/v2\/types\/post"}],"author":[{"embeddable":true,"href":"https:\/\/www.gruen-wald.de\/wordpress\/wp-json\/wp\/v2\/users\/1"}],"replies":[{"embeddable":true,"href":"https:\/\/www.gruen-wald.de\/wordpress\/wp-json\/wp\/v2\/comments?post=35884"}],"version-history":[{"count":0,"href":"https:\/\/www.gruen-wald.de\/wordpress\/wp-json\/wp\/v2\/posts\/35884\/revisions"}],"wp:attachment":[{"href":"https:\/\/www.gruen-wald.de\/wordpress\/wp-json\/wp\/v2\/media?parent=35884"}],"wp:term":[{"taxonomy":"category","embeddable":true,"href":"https:\/\/www.gruen-wald.de\/wordpress\/wp-json\/wp\/v2\/categories?post=35884"},{"taxonomy":"post_tag","embeddable":true,"href":"https:\/\/www.gruen-wald.de\/wordpress\/wp-json\/wp\/v2\/tags?post=35884"}],"curies":[{"name":"wp","href":"https:\/\/api.w.org\/{rel}","templated":true}]}}