{"id":35785,"date":"2018-12-12T23:58:23","date_gmt":"2018-12-12T22:58:23","guid":{"rendered":"http:\/\/blog.coaster.de\/wp\/?p=35785"},"modified":"2018-12-12T23:58:23","modified_gmt":"2018-12-12T22:58:23","slug":"europa-park-spricht-ueber-seilbahn","status":"publish","type":"post","link":"https:\/\/www.gruen-wald.de\/wordpress\/erlebniswelten\/europa-park-spricht-ueber-seilbahn\/","title":{"rendered":"Europa-Park spricht \u00fcber Seilbahn"},"content":{"rendered":"<p>Das Projekt hat ja einiges an Wirbel erzeugt. In den Stuttgarter Nachrichten spricht Michael Mack dar\u00fcber &#8211; und best\u00e4tigt auch die Vermutung, dass man mit der Idee eigentlich noch l\u00e4ngst nicht an die \u00d6ffentlichkeit gehen wollte. Nur Macro sah das f\u00fcr seine Strategie ganz anders:<\/p>\n<p><a href=\"https:\/\/www.stuttgarter-nachrichten.de\/inhalt.ich-stehe-zu-meiner-vision.2cb53f6c-a024-4c6d-a18c-d938d26d2115.html\">Link<\/a>.<\/p>\n","protected":false},"excerpt":{"rendered":"<p>Das Projekt hat ja einiges an Wirbel erzeugt. In den Stuttgarter Nachrichten spricht Michael Mack dar\u00fcber &#8211; und best\u00e4tigt auch&hellip;<\/p>\n","protected":false},"author":1,"featured_media":0,"comment_status":"open","ping_status":"open","sticky":false,"template":"","format":"standard","meta":{"footnotes":"","_links_to":"","_links_to_target":""},"categories":[5],"tags":[],"class_list":["post-35785","post","type-post","status-publish","format-standard","hentry","category-erlebniswelten"],"_links":{"self":[{"href":"https:\/\/www.gruen-wald.de\/wordpress\/wp-json\/wp\/v2\/posts\/35785","targetHints":{"allow":["GET"]}}],"collection":[{"href":"https:\/\/www.gruen-wald.de\/wordpress\/wp-json\/wp\/v2\/posts"}],"about":[{"href":"https:\/\/www.gruen-wald.de\/wordpress\/wp-json\/wp\/v2\/types\/post"}],"author":[{"embeddable":true,"href":"https:\/\/www.gruen-wald.de\/wordpress\/wp-json\/wp\/v2\/users\/1"}],"replies":[{"embeddable":true,"href":"https:\/\/www.gruen-wald.de\/wordpress\/wp-json\/wp\/v2\/comments?post=35785"}],"version-history":[{"count":0,"href":"https:\/\/www.gruen-wald.de\/wordpress\/wp-json\/wp\/v2\/posts\/35785\/revisions"}],"wp:attachment":[{"href":"https:\/\/www.gruen-wald.de\/wordpress\/wp-json\/wp\/v2\/media?parent=35785"}],"wp:term":[{"taxonomy":"category","embeddable":true,"href":"https:\/\/www.gruen-wald.de\/wordpress\/wp-json\/wp\/v2\/categories?post=35785"},{"taxonomy":"post_tag","embeddable":true,"href":"https:\/\/www.gruen-wald.de\/wordpress\/wp-json\/wp\/v2\/tags?post=35785"}],"curies":[{"name":"wp","href":"https:\/\/api.w.org\/{rel}","templated":true}]}}