{"id":35783,"date":"2018-12-13T08:31:15","date_gmt":"2018-12-13T07:31:15","guid":{"rendered":"http:\/\/blog.coaster.de\/wp\/?p=35783"},"modified":"2018-12-13T08:31:15","modified_gmt":"2018-12-13T07:31:15","slug":"rodeln-in-wildbad-kreuth","status":"publish","type":"post","link":"https:\/\/www.gruen-wald.de\/wordpress\/film-kultur\/rodeln-in-wildbad-kreuth\/","title":{"rendered":"Rodeln in Wildbad-Kreuth"},"content":{"rendered":"<p>Ein bisschen Rodeln durch das Schwarzenbachtal bei Wildbad Kreuth. Mit dem Ro\u00df- und Buchstein, Leonhardstein und Hirschberg im Blick ging&#8217;s runter zum Klamm-Parkplatz. Die erste Rodelfahrt dieser Wintersaison war eher mittelm\u00e4\u00dfig. Im oberen Teil noch viel weicher Schnee, im unteren durchg\u00e4ngig vereiste, tiefe Fahrspuren mit Eisklumpen. Die tolle Winderlandschaft entsch\u00e4digt daf\u00fcr! \ud83d\ude42<\/p>\n<p><center><iframe loading=\"lazy\" width=\"560\" height=\"315\" src=\"https:\/\/www.youtube.com\/embed\/9pM1aqETvSY\" frameborder=\"0\" allow=\"accelerometer; autoplay; encrypted-media; gyroscope; picture-in-picture\" allowfullscreen><\/iframe><\/center><\/p>\n","protected":false},"excerpt":{"rendered":"<p>Ein bisschen Rodeln durch das Schwarzenbachtal bei Wildbad Kreuth. Mit dem Ro\u00df- und Buchstein, Leonhardstein und Hirschberg im Blick ging&#8217;s&hellip;<\/p>\n","protected":false},"author":1,"featured_media":0,"comment_status":"open","ping_status":"open","sticky":false,"template":"","format":"standard","meta":{"footnotes":"","_links_to":"","_links_to_target":""},"categories":[7],"tags":[],"class_list":["post-35783","post","type-post","status-publish","format-standard","hentry","category-film-kultur"],"_links":{"self":[{"href":"https:\/\/www.gruen-wald.de\/wordpress\/wp-json\/wp\/v2\/posts\/35783","targetHints":{"allow":["GET"]}}],"collection":[{"href":"https:\/\/www.gruen-wald.de\/wordpress\/wp-json\/wp\/v2\/posts"}],"about":[{"href":"https:\/\/www.gruen-wald.de\/wordpress\/wp-json\/wp\/v2\/types\/post"}],"author":[{"embeddable":true,"href":"https:\/\/www.gruen-wald.de\/wordpress\/wp-json\/wp\/v2\/users\/1"}],"replies":[{"embeddable":true,"href":"https:\/\/www.gruen-wald.de\/wordpress\/wp-json\/wp\/v2\/comments?post=35783"}],"version-history":[{"count":0,"href":"https:\/\/www.gruen-wald.de\/wordpress\/wp-json\/wp\/v2\/posts\/35783\/revisions"}],"wp:attachment":[{"href":"https:\/\/www.gruen-wald.de\/wordpress\/wp-json\/wp\/v2\/media?parent=35783"}],"wp:term":[{"taxonomy":"category","embeddable":true,"href":"https:\/\/www.gruen-wald.de\/wordpress\/wp-json\/wp\/v2\/categories?post=35783"},{"taxonomy":"post_tag","embeddable":true,"href":"https:\/\/www.gruen-wald.de\/wordpress\/wp-json\/wp\/v2\/tags?post=35783"}],"curies":[{"name":"wp","href":"https:\/\/api.w.org\/{rel}","templated":true}]}}