{"id":35771,"date":"2018-12-09T23:57:00","date_gmt":"2018-12-09T22:57:00","guid":{"rendered":"http:\/\/blog.coaster.de\/wp\/?p=35771"},"modified":"2018-12-09T23:57:00","modified_gmt":"2018-12-09T22:57:00","slug":"ende-der-meinungsforschung","status":"publish","type":"post","link":"https:\/\/www.gruen-wald.de\/wordpress\/gesellschaft\/ende-der-meinungsforschung\/","title":{"rendered":"Ende der Meinungsforschung"},"content":{"rendered":"<p>Einen, wie ich finde, ganz <a href=\"https:\/\/ondemand-mp3.dradio.de\/file\/dradio\/2018\/12\/03\/vermessung_von_meinung_der_methodenstreit_der_dlf_20181203_1840_2ec98736.mp3\">h\u00f6renswerten Podcast-Beitrag zum Thema Methodenstreit in der Meinungsforschung gibt es hier<\/a>.<\/p>\n<p>Dass sich zumindest die kommerzielle Meinungsforschung von vielen wissenschaftlichen Standards l\u00e4ngst verabschiedet hat, sollte nach den Trump- und Brexit-\u00dcberraschungen vermutlich auch der letzte bemerkt haben. Nicht ganz verstehe ich, dass Menschen sich zwar \u00fcber die nicht mehr funktionierenden Methoden aufregen, dann aber immer noch ohne gro\u00dfe Reflexion aktuelle Meinungsumfragen f\u00fcr &#8222;ihre&#8220; Echo-Chamber nutzen. Vielleicht gibt der Beitrag ja dem ein oder anderen ein wenig Einsicht, warum das schlicht und ergreifend Mumpitz ist.<\/p>\n","protected":false},"excerpt":{"rendered":"<p>Einen, wie ich finde, ganz h\u00f6renswerten Podcast-Beitrag zum Thema Methodenstreit in der Meinungsforschung gibt es hier. Dass sich zumindest die&hellip;<\/p>\n","protected":false},"author":1,"featured_media":0,"comment_status":"open","ping_status":"open","sticky":false,"template":"","format":"standard","meta":{"footnotes":"","_links_to":"","_links_to_target":""},"categories":[10],"tags":[],"class_list":["post-35771","post","type-post","status-publish","format-standard","hentry","category-gesellschaft"],"_links":{"self":[{"href":"https:\/\/www.gruen-wald.de\/wordpress\/wp-json\/wp\/v2\/posts\/35771","targetHints":{"allow":["GET"]}}],"collection":[{"href":"https:\/\/www.gruen-wald.de\/wordpress\/wp-json\/wp\/v2\/posts"}],"about":[{"href":"https:\/\/www.gruen-wald.de\/wordpress\/wp-json\/wp\/v2\/types\/post"}],"author":[{"embeddable":true,"href":"https:\/\/www.gruen-wald.de\/wordpress\/wp-json\/wp\/v2\/users\/1"}],"replies":[{"embeddable":true,"href":"https:\/\/www.gruen-wald.de\/wordpress\/wp-json\/wp\/v2\/comments?post=35771"}],"version-history":[{"count":0,"href":"https:\/\/www.gruen-wald.de\/wordpress\/wp-json\/wp\/v2\/posts\/35771\/revisions"}],"wp:attachment":[{"href":"https:\/\/www.gruen-wald.de\/wordpress\/wp-json\/wp\/v2\/media?parent=35771"}],"wp:term":[{"taxonomy":"category","embeddable":true,"href":"https:\/\/www.gruen-wald.de\/wordpress\/wp-json\/wp\/v2\/categories?post=35771"},{"taxonomy":"post_tag","embeddable":true,"href":"https:\/\/www.gruen-wald.de\/wordpress\/wp-json\/wp\/v2\/tags?post=35771"}],"curies":[{"name":"wp","href":"https:\/\/api.w.org\/{rel}","templated":true}]}}