{"id":35621,"date":"2018-10-23T00:14:06","date_gmt":"2018-10-22T22:14:06","guid":{"rendered":"http:\/\/blog.coaster.de\/wp\/?p=35621"},"modified":"2018-10-23T00:14:06","modified_gmt":"2018-10-22T22:14:06","slug":"weinstein-moeglicherweise-unschuldig","status":"publish","type":"post","link":"https:\/\/www.gruen-wald.de\/wordpress\/medien\/weinstein-moeglicherweise-unschuldig\/","title":{"rendered":"Weinstein m\u00f6glicherweise &#8218;unschuldig&#8216;"},"content":{"rendered":"<p>Scheinbar platzt das #metoo Verfahren gegen Weinstein, obwohl es eigentlich genug Punkte und Beweise gegen ihn g\u00e4be. Der Grund: Eine zentrale Zeugin sagt nun vor Gericht aus, der Oralsex mit Weinstein sei doch nicht erzwungen sondern einvernehmlich gewesen &#8211; <a href=\"http:\/\/www.faz.net\/aktuell\/gesellschaft\/menschen\/kann-weinstein-noch-verurteilt-werden-15849302.html\">das berichtet die FAZ<\/a>\u00a0und spricht bereits von m\u00f6glichem Freispruch.<\/p>\n<p>Was ist da eigentlich los? Entweder muss die Zeugin bereits bei der Anklage gelogen haben oder jetzt. In beiden F\u00e4lle schadet sie jetzt ja fast der Glaubw\u00fcrdigkeit von Frauen, die von \u00dcbergriffen berichten mehr als das Losbrechen der #metoo-Debatte Personen wie Weinstein an den Karren gefahren ist. Am Ende sind alle Verlierer und nichts ist gewonnen. Sowas \u00e4rgert mich.<\/p>\n","protected":false},"excerpt":{"rendered":"<p>Scheinbar platzt das #metoo Verfahren gegen Weinstein, obwohl es eigentlich genug Punkte und Beweise gegen ihn g\u00e4be. Der Grund: Eine&hellip;<\/p>\n","protected":false},"author":1,"featured_media":0,"comment_status":"open","ping_status":"open","sticky":false,"template":"","format":"standard","meta":{"footnotes":"","_links_to":"","_links_to_target":""},"categories":[12],"tags":[],"class_list":["post-35621","post","type-post","status-publish","format-standard","hentry","category-medien"],"_links":{"self":[{"href":"https:\/\/www.gruen-wald.de\/wordpress\/wp-json\/wp\/v2\/posts\/35621","targetHints":{"allow":["GET"]}}],"collection":[{"href":"https:\/\/www.gruen-wald.de\/wordpress\/wp-json\/wp\/v2\/posts"}],"about":[{"href":"https:\/\/www.gruen-wald.de\/wordpress\/wp-json\/wp\/v2\/types\/post"}],"author":[{"embeddable":true,"href":"https:\/\/www.gruen-wald.de\/wordpress\/wp-json\/wp\/v2\/users\/1"}],"replies":[{"embeddable":true,"href":"https:\/\/www.gruen-wald.de\/wordpress\/wp-json\/wp\/v2\/comments?post=35621"}],"version-history":[{"count":0,"href":"https:\/\/www.gruen-wald.de\/wordpress\/wp-json\/wp\/v2\/posts\/35621\/revisions"}],"wp:attachment":[{"href":"https:\/\/www.gruen-wald.de\/wordpress\/wp-json\/wp\/v2\/media?parent=35621"}],"wp:term":[{"taxonomy":"category","embeddable":true,"href":"https:\/\/www.gruen-wald.de\/wordpress\/wp-json\/wp\/v2\/categories?post=35621"},{"taxonomy":"post_tag","embeddable":true,"href":"https:\/\/www.gruen-wald.de\/wordpress\/wp-json\/wp\/v2\/tags?post=35621"}],"curies":[{"name":"wp","href":"https:\/\/api.w.org\/{rel}","templated":true}]}}