{"id":35574,"date":"2018-10-09T15:30:01","date_gmt":"2018-10-09T13:30:01","guid":{"rendered":"http:\/\/blog.coaster.de\/wp\/?p=35574"},"modified":"2018-10-09T15:30:01","modified_gmt":"2018-10-09T13:30:01","slug":"farrenpoint-1273-m-ueber-wasserfaelle","status":"publish","type":"post","link":"https:\/\/www.gruen-wald.de\/wordpress\/film-kultur\/farrenpoint-1273-m-ueber-wasserfaelle\/","title":{"rendered":"Farrenpoint \u00fcber Wasserf\u00e4lle"},"content":{"rendered":"<p>Der Farrenpoint ist ein einfach zu besteigender Gipfel im Mangfall-Gebirge.<\/p>\n<p>\u00dcber den sehr kleinen, inoffiziellen Parkplatz der Jenbacher Wasserf\u00e4lle (Platz f\u00fcr ca. 6 bis 8 Autos) geht es in meiner Runde am Wasserfall-Weg entlang und dann Richtung Walch-Alm. Dort dann links in einem Bogen herum, bis es rechts zur Huber-Alm abzweigt. Ich bin dann vor dem offiziellen Weg nochmal links um den Farrenpoint rum und von der R\u00fcckseite aufgestiegen. Von dort bin ich dann in einem Bogen Richtung Mitterberg und \u00fcber den sch\u00f6nen, etwas einsameren (aber recht steilen) Steig an der Antretter-Alm zur\u00fcck zum Parkplatz marschiert.<\/p>\n<p style=\"text-align: center;\"><iframe loading=\"lazy\" src=\"https:\/\/www.youtube.com\/embed\/YuybqF9dedg\" width=\"560\" height=\"315\" frameborder=\"0\" allowfullscreen=\"allowfullscreen\"><\/iframe><\/p>\n<p>Ein netter Ausflug, der auch nicht zu viel Kondition verlangt und trotzdem immer wieder feine Blicke ins Wendelstein-Gebiet und auf die Rosenheimer Ebene erlaubt..<\/p>\n","protected":false},"excerpt":{"rendered":"<p>Der Farrenpoint ist ein einfach zu besteigender Gipfel im Mangfall-Gebirge. \u00dcber den sehr kleinen, inoffiziellen Parkplatz der Jenbacher Wasserf\u00e4lle (Platz&hellip;<\/p>\n","protected":false},"author":1,"featured_media":0,"comment_status":"open","ping_status":"open","sticky":false,"template":"","format":"standard","meta":{"footnotes":"","_links_to":"","_links_to_target":""},"categories":[7],"tags":[],"class_list":["post-35574","post","type-post","status-publish","format-standard","hentry","category-film-kultur"],"_links":{"self":[{"href":"https:\/\/www.gruen-wald.de\/wordpress\/wp-json\/wp\/v2\/posts\/35574","targetHints":{"allow":["GET"]}}],"collection":[{"href":"https:\/\/www.gruen-wald.de\/wordpress\/wp-json\/wp\/v2\/posts"}],"about":[{"href":"https:\/\/www.gruen-wald.de\/wordpress\/wp-json\/wp\/v2\/types\/post"}],"author":[{"embeddable":true,"href":"https:\/\/www.gruen-wald.de\/wordpress\/wp-json\/wp\/v2\/users\/1"}],"replies":[{"embeddable":true,"href":"https:\/\/www.gruen-wald.de\/wordpress\/wp-json\/wp\/v2\/comments?post=35574"}],"version-history":[{"count":0,"href":"https:\/\/www.gruen-wald.de\/wordpress\/wp-json\/wp\/v2\/posts\/35574\/revisions"}],"wp:attachment":[{"href":"https:\/\/www.gruen-wald.de\/wordpress\/wp-json\/wp\/v2\/media?parent=35574"}],"wp:term":[{"taxonomy":"category","embeddable":true,"href":"https:\/\/www.gruen-wald.de\/wordpress\/wp-json\/wp\/v2\/categories?post=35574"},{"taxonomy":"post_tag","embeddable":true,"href":"https:\/\/www.gruen-wald.de\/wordpress\/wp-json\/wp\/v2\/tags?post=35574"}],"curies":[{"name":"wp","href":"https:\/\/api.w.org\/{rel}","templated":true}]}}