{"id":35556,"date":"2018-10-02T00:01:21","date_gmt":"2018-10-01T22:01:21","guid":{"rendered":"http:\/\/blog.coaster.de\/wp\/?p=35556"},"modified":"2018-10-02T00:01:21","modified_gmt":"2018-10-01T22:01:21","slug":"freizeitpark-quick-check-2018-freizeitland-geiselwind-2-7","status":"publish","type":"post","link":"https:\/\/www.gruen-wald.de\/wordpress\/erlebniswelten\/freizeitpark-quick-check-2018-freizeitland-geiselwind-2-7\/","title":{"rendered":"Freizeitpark-Quick-Check 2018: Freizeitland Geiselwind (2\/7)"},"content":{"rendered":"<p>Bereits einige Freizeitparkbesuche liegen dieses Jahr hinter mir. In dieser Woche mache ich mal jeden Tag ein Kurzreview eines anderen Freizeitparks. Dabei stehen vor allen Dingen meine pers\u00f6nlichen Eindr\u00fccke im Mittelpunkt, also erwartet keinen ausufernden Testbericht.<\/p>\n<p>Tats\u00e4chlich war ich vorher noch nie im <strong>Freizeitland Geiselwind<\/strong>. Durch die Gutscheinaktionen bei RadioGutscheine.de kam ich verg\u00fcnstigt an einen Eintritt und hab dem Park dadurch mal einen Besuch abgestattet.<\/p>\n<p>Der Vorwurf, den Dauerkirmes-Touch bislang nicht abgelegt zu haben, stimmt. Viele Fahrgesch\u00e4fte haben immer noch den Charme eines fliegenden Fahrgesch\u00e4fts &#8211; klappernde Metallplatten-Queuelines und kitschige &#8222;Thematisierung&#8220; inklusive. Man merkt aber auch, dass der neue Betreiber versucht, hier mittelfristig eine bessere Qualit\u00e4t abzuliefern. Ganz verstehen kann ich dabei den sehr hohe Fokus auf vergleichsweise g\u00fcnstige Fahrgesch\u00e4fte von der Stange und das daf\u00fcr in Masse aber noch nicht. Erfahrungsgem\u00e4\u00df haben Parks eine bessere Expansionsgrundlage, wenn man vorausschauend in wenige, aber daf\u00fcr einzigartige, massenkompatible Attraktionen mit gutem Durchsatz setzt. Ich fahre lieber ein gutes Fahrgesch\u00e4ft zwei Mal als drei schlechte.<\/p>\n<p>Wirklich sch\u00f6n ist die schon etwas \u00e4ltere, aber top-gepflegte Indoor-Dino-Halle. Die meisten Animatronics funktionieren gut und das Setting ist stimmungsvoll illuminiert. Das sticht gegen\u00fcber dem Rest relativ heraus. Die &#8222;lebenden&#8220; Geister des Horrorhauses waren gef\u00fchlt eher von uns \u00fcberfordert als wir von ihnen, aber trotzdem f\u00fcr mich ein wichtiges Highlight, da es damit in einem vergleichsweise kleinen Park ein Dauermaze gibt.<\/p>\n<p>Die Gastro ist erstaunlich umfangreich, vom Preis und der Qualit\u00e4t her fair. Bei einigen \u00e4lteren Fahrgesch\u00e4ften merkt man das Alter leider sehr deutlich &#8211; hier w\u00e4re ein wenig mehr Pflege w\u00fcnschenswert. Gut m\u00f6glich aber auch, dass man langfristig eh einige der Gesch\u00e4fte loswerden m\u00f6chte. Die Expansionsfl\u00e4che ist auf alle F\u00e4lle gegeben. In meinen Augen fehlt es einfach noch an einem Major Ride, um den Park so langsam auf die Karten von Freizeitparkfans, und nicht nur auf die der n\u00e4heren Umgebung zu bringen.<\/p>\n<p>Ansonsten sticht f\u00fcr mich im Freizeitland derzeit (noch?) nichts besonderes heraus, weswegen ich hin m\u00fcsste. Insgesamt finde ich den Eintrittspreis f\u00fcr das Gebotene daher eigentlich noch ein wenig zu hoch.<\/p>\n","protected":false},"excerpt":{"rendered":"<p>Bereits einige Freizeitparkbesuche liegen dieses Jahr hinter mir. In dieser Woche mache ich mal jeden Tag ein Kurzreview eines anderen&hellip;<\/p>\n","protected":false},"author":1,"featured_media":0,"comment_status":"open","ping_status":"open","sticky":false,"template":"","format":"standard","meta":{"footnotes":"","_links_to":"","_links_to_target":""},"categories":[5],"tags":[],"class_list":["post-35556","post","type-post","status-publish","format-standard","hentry","category-erlebniswelten"],"_links":{"self":[{"href":"https:\/\/www.gruen-wald.de\/wordpress\/wp-json\/wp\/v2\/posts\/35556","targetHints":{"allow":["GET"]}}],"collection":[{"href":"https:\/\/www.gruen-wald.de\/wordpress\/wp-json\/wp\/v2\/posts"}],"about":[{"href":"https:\/\/www.gruen-wald.de\/wordpress\/wp-json\/wp\/v2\/types\/post"}],"author":[{"embeddable":true,"href":"https:\/\/www.gruen-wald.de\/wordpress\/wp-json\/wp\/v2\/users\/1"}],"replies":[{"embeddable":true,"href":"https:\/\/www.gruen-wald.de\/wordpress\/wp-json\/wp\/v2\/comments?post=35556"}],"version-history":[{"count":0,"href":"https:\/\/www.gruen-wald.de\/wordpress\/wp-json\/wp\/v2\/posts\/35556\/revisions"}],"wp:attachment":[{"href":"https:\/\/www.gruen-wald.de\/wordpress\/wp-json\/wp\/v2\/media?parent=35556"}],"wp:term":[{"taxonomy":"category","embeddable":true,"href":"https:\/\/www.gruen-wald.de\/wordpress\/wp-json\/wp\/v2\/categories?post=35556"},{"taxonomy":"post_tag","embeddable":true,"href":"https:\/\/www.gruen-wald.de\/wordpress\/wp-json\/wp\/v2\/tags?post=35556"}],"curies":[{"name":"wp","href":"https:\/\/api.w.org\/{rel}","templated":true}]}}