{"id":35549,"date":"2018-09-30T19:24:16","date_gmt":"2018-09-30T17:24:16","guid":{"rendered":"http:\/\/blog.coaster.de\/wp\/?p=35549"},"modified":"2018-09-30T19:24:16","modified_gmt":"2018-09-30T17:24:16","slug":"hilda","status":"publish","type":"post","link":"https:\/\/www.gruen-wald.de\/wordpress\/medien\/hilda\/","title":{"rendered":"Hilda"},"content":{"rendered":"<p>Schon lange keine Serie mehr gesehen, die so sch\u00f6ne Farben, eine wunderbare Welt und das Verlassen auf die Kraft der Fantasie so wunderbar vereint. Schon die Comicb\u00fccher sahen super aus und die Serie auf Netflix steht dem in nichts nach! Dazu kommt der f\u00fcr mich beste Serien-Soundtrack dieses Jahr durch die ganz wunderbare Musik von <a href=\"https:\/\/en.wikipedia.org\/wiki\/Grimes_(musician)\">Grimes<\/a>.<\/p>\n<p><span data-offset-key=\"6fdqq-2-0\">Eine tolle Produktion rund um Freundschaft, Natur und Abenteuer, die alles andere als nur was f\u00fcr Kinder ist. <\/span><\/p>\n<p><center><iframe loading=\"lazy\" src=\"https:\/\/www.youtube.com\/embed\/TxMiuJGuXLg\" width=\"560\" height=\"315\" frameborder=\"0\" allowfullscreen=\"allowfullscreen\"><\/iframe><\/center>Ab sofort auf Netflix.<\/p>\n","protected":false},"excerpt":{"rendered":"<p>Schon lange keine Serie mehr gesehen, die so sch\u00f6ne Farben, eine wunderbare Welt und das Verlassen auf die Kraft der&hellip;<\/p>\n","protected":false},"author":1,"featured_media":0,"comment_status":"open","ping_status":"open","sticky":false,"template":"","format":"standard","meta":{"footnotes":"","_links_to":"","_links_to_target":""},"categories":[12],"tags":[],"class_list":["post-35549","post","type-post","status-publish","format-standard","hentry","category-medien"],"_links":{"self":[{"href":"https:\/\/www.gruen-wald.de\/wordpress\/wp-json\/wp\/v2\/posts\/35549","targetHints":{"allow":["GET"]}}],"collection":[{"href":"https:\/\/www.gruen-wald.de\/wordpress\/wp-json\/wp\/v2\/posts"}],"about":[{"href":"https:\/\/www.gruen-wald.de\/wordpress\/wp-json\/wp\/v2\/types\/post"}],"author":[{"embeddable":true,"href":"https:\/\/www.gruen-wald.de\/wordpress\/wp-json\/wp\/v2\/users\/1"}],"replies":[{"embeddable":true,"href":"https:\/\/www.gruen-wald.de\/wordpress\/wp-json\/wp\/v2\/comments?post=35549"}],"version-history":[{"count":0,"href":"https:\/\/www.gruen-wald.de\/wordpress\/wp-json\/wp\/v2\/posts\/35549\/revisions"}],"wp:attachment":[{"href":"https:\/\/www.gruen-wald.de\/wordpress\/wp-json\/wp\/v2\/media?parent=35549"}],"wp:term":[{"taxonomy":"category","embeddable":true,"href":"https:\/\/www.gruen-wald.de\/wordpress\/wp-json\/wp\/v2\/categories?post=35549"},{"taxonomy":"post_tag","embeddable":true,"href":"https:\/\/www.gruen-wald.de\/wordpress\/wp-json\/wp\/v2\/tags?post=35549"}],"curies":[{"name":"wp","href":"https:\/\/api.w.org\/{rel}","templated":true}]}}