{"id":35526,"date":"2018-09-26T20:00:44","date_gmt":"2018-09-26T18:00:44","guid":{"rendered":"http:\/\/blog.coaster.de\/wp\/?p=35526"},"modified":"2018-09-26T20:00:44","modified_gmt":"2018-09-26T18:00:44","slug":"podcoaster-spricht-mit-patrick-marx","status":"publish","type":"post","link":"https:\/\/www.gruen-wald.de\/wordpress\/internet-co\/podcoaster-spricht-mit-patrick-marx\/","title":{"rendered":"Podcoaster spricht mit Patrick Marx"},"content":{"rendered":"<p>Wir sind bei unserem Podcast-Projekt noch in Stealth-Mode: Derzeit gibt es noch keine gro\u00dfe Glocke und keine nennenswerte Anzahl an Followern oder Downloads. Das hei\u00dft aber nicht, dass die Podcasts aus dem Attraktionsgesch\u00e4ft, die wir jetzt so nach und nach als ersten &#8222;Backlog&#8220; reinstellen, nicht h\u00f6renswert w\u00e4ren.<\/p>\n<p>So sprachen wir gestern z.B. mit Patrick Marx, dem Projektmanager von Eurosat-CanCan-Coaster. Unser Klappentext:<\/p>\n<blockquote><p><a href=\"http:\/\/www.coaster.de\/cms\/2018\/09\/pc003-aufregung-um-eurosat\/\"><img loading=\"lazy\" decoding=\"async\" class=\"alignright \" src=\"http:\/\/blog.coaster.de\/wp\/wp-content\/uploads\/2018\/09\/PC003.jpg\" width=\"203\" height=\"203\" \/><\/a>Eine turbulente Saison liegt hinter dem Europa-Park: Neuer franz\u00f6sischer Themenbereich, neue Jim-Knopf-Attraktion, \u00dcberarbeitung des ehemaligen Dino-Darkrides &#8218;Universum der Energie&#8216; samt neuer Kinderbuch-Reihe und dann auch noch ein aufw\u00fchlender Gro\u00dfbrand bei den Piraten von Batavia. Dazu gesellt sich nun als letztes gro\u00dfes Puzzlest\u00fcck die Wiederer\u00f6ffnung von <strong>Eurosat<\/strong>, der ikonischen Dunkelachterbahn des Parks. Hans und Basti sprechen deswegen mit Projektmanager Patrick Marx \u00fcber den komplexen Umbau an sich, die einzigartige Drehweiche, die &#8218;free roaming&#8216;-VR-Version, Fan-Erwartungen und die derzeit im Internet kursierenden Kritiken rund um die bisherige Thematisierung.<\/p><\/blockquote>\n<p>Das Ergebnis k\u00f6nnt ihr bei <a href=\"http:\/\/www.coaster.de\/cms\/2018\/09\/pc003-aufregung-um-eurosat\/\">pod.coaster.de bereits h\u00f6ren.<\/a><\/p>\n<p>PS: Ja, wir wissen, dass die Seite noch Zicken macht, der Player manchmal noch nicht launcht wie er sollte und die mobile Variante bei einigen Ger\u00e4ten nicht automatisch geladen wird. Wie gesagt: Stealth-Mode. Oder in Freizeitpark-Jargon: Soft-Opening. ;o) Ihr k\u00f6nnt aber jederzeit hier schon mal <a href=\"http:\/\/feeds.feedburner.com\/coaster_de\">den Feed abonnieren<\/a>, wenn die Seite bei euch noch zerschossen aussieht oder der Player noch nicht auftaucht&#8230;<\/p>\n","protected":false},"excerpt":{"rendered":"<p>Wir sind bei unserem Podcast-Projekt noch in Stealth-Mode: Derzeit gibt es noch keine gro\u00dfe Glocke und keine nennenswerte Anzahl an&hellip;<\/p>\n","protected":false},"author":1,"featured_media":0,"comment_status":"open","ping_status":"open","sticky":false,"template":"","format":"standard","meta":{"footnotes":"","_links_to":"","_links_to_target":""},"categories":[11,15],"tags":[],"class_list":["post-35526","post","type-post","status-publish","format-standard","hentry","category-internet-co","category-privates"],"_links":{"self":[{"href":"https:\/\/www.gruen-wald.de\/wordpress\/wp-json\/wp\/v2\/posts\/35526","targetHints":{"allow":["GET"]}}],"collection":[{"href":"https:\/\/www.gruen-wald.de\/wordpress\/wp-json\/wp\/v2\/posts"}],"about":[{"href":"https:\/\/www.gruen-wald.de\/wordpress\/wp-json\/wp\/v2\/types\/post"}],"author":[{"embeddable":true,"href":"https:\/\/www.gruen-wald.de\/wordpress\/wp-json\/wp\/v2\/users\/1"}],"replies":[{"embeddable":true,"href":"https:\/\/www.gruen-wald.de\/wordpress\/wp-json\/wp\/v2\/comments?post=35526"}],"version-history":[{"count":0,"href":"https:\/\/www.gruen-wald.de\/wordpress\/wp-json\/wp\/v2\/posts\/35526\/revisions"}],"wp:attachment":[{"href":"https:\/\/www.gruen-wald.de\/wordpress\/wp-json\/wp\/v2\/media?parent=35526"}],"wp:term":[{"taxonomy":"category","embeddable":true,"href":"https:\/\/www.gruen-wald.de\/wordpress\/wp-json\/wp\/v2\/categories?post=35526"},{"taxonomy":"post_tag","embeddable":true,"href":"https:\/\/www.gruen-wald.de\/wordpress\/wp-json\/wp\/v2\/tags?post=35526"}],"curies":[{"name":"wp","href":"https:\/\/api.w.org\/{rel}","templated":true}]}}