{"id":35377,"date":"2018-07-31T23:52:41","date_gmt":"2018-07-31T21:52:41","guid":{"rendered":"http:\/\/blog.coaster.de\/wp\/?p=35377"},"modified":"2018-07-31T23:52:41","modified_gmt":"2018-07-31T21:52:41","slug":"eurosat-ist-bis-mitte-september-zurueck","status":"publish","type":"post","link":"https:\/\/www.gruen-wald.de\/wordpress\/erlebniswelten\/eurosat-ist-bis-mitte-september-zurueck\/","title":{"rendered":"Eurosat ist bis Mitte September zur\u00fcck"},"content":{"rendered":"<p><img loading=\"lazy\" decoding=\"async\" class=\"alignright\" src=\"http:\/\/blog.coaster.de\/wp\/wp-content\/uploads\/2018\/03\/P1030764.jpg\" width=\"261\" height=\"147\" \/>Viel wird ger\u00e4tselt \u00fcber den Er\u00f6ffnungstermin des <strong>CanCan Coasters<\/strong>, dem &#8222;Nachfolger&#8220; der beliebten Weltraum-Achterbahn <em>Eurosat<\/em> im Europa-Park. Die Wahrscheinlichkeit auf ein Soft-Opening im August ist hoch -zumindest f\u00fcr den analogen Bereich- aber wirklich offiziell ist jetzt auf dem <a href=\"https:\/\/blog.europapark.de\/wenn-723-sterne-funkeln\/\">Europa-Park Blog<\/a> Mitte September best\u00e4tigt worden. Eine erste Er\u00f6ffnungsfeier soll es laut Insiderkreisen am 12. September geben. Das passt gut zusammen. Die Wahrscheinlichkeit ist also hoch, dass bis dahin der Klassiker wieder seine (neuen) Runden dreht.<\/p>\n","protected":false},"excerpt":{"rendered":"<p>Viel wird ger\u00e4tselt \u00fcber den Er\u00f6ffnungstermin des CanCan Coasters, dem &#8222;Nachfolger&#8220; der beliebten Weltraum-Achterbahn Eurosat im Europa-Park. Die Wahrscheinlichkeit auf&hellip;<\/p>\n","protected":false},"author":1,"featured_media":0,"comment_status":"open","ping_status":"open","sticky":false,"template":"","format":"standard","meta":{"footnotes":"","_links_to":"","_links_to_target":""},"categories":[5],"tags":[],"class_list":["post-35377","post","type-post","status-publish","format-standard","hentry","category-erlebniswelten"],"_links":{"self":[{"href":"https:\/\/www.gruen-wald.de\/wordpress\/wp-json\/wp\/v2\/posts\/35377"}],"collection":[{"href":"https:\/\/www.gruen-wald.de\/wordpress\/wp-json\/wp\/v2\/posts"}],"about":[{"href":"https:\/\/www.gruen-wald.de\/wordpress\/wp-json\/wp\/v2\/types\/post"}],"author":[{"embeddable":true,"href":"https:\/\/www.gruen-wald.de\/wordpress\/wp-json\/wp\/v2\/users\/1"}],"replies":[{"embeddable":true,"href":"https:\/\/www.gruen-wald.de\/wordpress\/wp-json\/wp\/v2\/comments?post=35377"}],"version-history":[{"count":0,"href":"https:\/\/www.gruen-wald.de\/wordpress\/wp-json\/wp\/v2\/posts\/35377\/revisions"}],"wp:attachment":[{"href":"https:\/\/www.gruen-wald.de\/wordpress\/wp-json\/wp\/v2\/media?parent=35377"}],"wp:term":[{"taxonomy":"category","embeddable":true,"href":"https:\/\/www.gruen-wald.de\/wordpress\/wp-json\/wp\/v2\/categories?post=35377"},{"taxonomy":"post_tag","embeddable":true,"href":"https:\/\/www.gruen-wald.de\/wordpress\/wp-json\/wp\/v2\/tags?post=35377"}],"curies":[{"name":"wp","href":"https:\/\/api.w.org\/{rel}","templated":true}]}}