{"id":35356,"date":"2018-08-03T08:00:56","date_gmt":"2018-08-03T06:00:56","guid":{"rendered":"http:\/\/blog.coaster.de\/wp\/?p=35356"},"modified":"2018-08-03T08:00:56","modified_gmt":"2018-08-03T06:00:56","slug":"tag-1-zahmer-kaiser","status":"publish","type":"post","link":"https:\/\/www.gruen-wald.de\/wordpress\/film-kultur\/tag-1-zahmer-kaiser\/","title":{"rendered":"Tag 1: Zahmer Kaiser"},"content":{"rendered":"<p>Dieses Jahr habe ich das Kaisergebirge durchschritten. Es besteht prim\u00e4r aus zwei Gebirgsz\u00fcgen: Den gr\u00fcnen &#8222;zahmen&#8220; Kaiser und den steinigen, h\u00e4ufig fast senkrechten &#8222;wilden&#8220; Kaiser. Die Aktion stand schon l\u00e4nger auf meiner Liste und ist angesichts des m\u00e4chtigen Massivs des &#8222;Wilden Kaisers&#8220; sogar erstaunlich einfach m\u00f6glich.<\/p>\n<p>Am ersten Tag sind wir von Kufstein auf die <strong>Vorderkaiserfeldenh\u00fctte<\/strong> und haben dabei die <strong>Pyramidenspitze<\/strong> mitgenommen. Eine sch\u00f6ne Wander-Region im noch &#8222;zahmen Kaiser&#8220;, wobei mir die doch immerhin 1600 H\u00f6henmeter bei der Hitze ganz sch\u00f6n zugesetzt haben. Entsch\u00e4digt hat -mal wieder- ein grandioser Sonnenuntergang.<\/p>\n<p style=\"text-align: center;\"><iframe loading=\"lazy\" src=\"https:\/\/www.facebook.com\/plugins\/video.php?href=https%3A%2F%2Fwww.facebook.com%2Fsebastian.gruenwald%2Fvideos%2F1987951834562636%2F&#038;show_text=0&#038;width=560&#038;mute=0\" width=\"560\" height=\"315\" style=\"border:none;overflow:hidden\" scrolling=\"no\" frameborder=\"0\" allowTransparency=\"true\" allowFullScreen=\"true\"><\/iframe><\/p>\n<p>Morgen geht es mit Tag 2 weiter.<\/p>\n","protected":false},"excerpt":{"rendered":"<p>Dieses Jahr habe ich das Kaisergebirge durchschritten. Es besteht prim\u00e4r aus zwei Gebirgsz\u00fcgen: Den gr\u00fcnen &#8222;zahmen&#8220; Kaiser und den steinigen,&hellip;<\/p>\n","protected":false},"author":1,"featured_media":0,"comment_status":"open","ping_status":"open","sticky":false,"template":"","format":"standard","meta":{"footnotes":"","_links_to":"","_links_to_target":""},"categories":[7],"tags":[],"class_list":["post-35356","post","type-post","status-publish","format-standard","hentry","category-film-kultur"],"_links":{"self":[{"href":"https:\/\/www.gruen-wald.de\/wordpress\/wp-json\/wp\/v2\/posts\/35356"}],"collection":[{"href":"https:\/\/www.gruen-wald.de\/wordpress\/wp-json\/wp\/v2\/posts"}],"about":[{"href":"https:\/\/www.gruen-wald.de\/wordpress\/wp-json\/wp\/v2\/types\/post"}],"author":[{"embeddable":true,"href":"https:\/\/www.gruen-wald.de\/wordpress\/wp-json\/wp\/v2\/users\/1"}],"replies":[{"embeddable":true,"href":"https:\/\/www.gruen-wald.de\/wordpress\/wp-json\/wp\/v2\/comments?post=35356"}],"version-history":[{"count":0,"href":"https:\/\/www.gruen-wald.de\/wordpress\/wp-json\/wp\/v2\/posts\/35356\/revisions"}],"wp:attachment":[{"href":"https:\/\/www.gruen-wald.de\/wordpress\/wp-json\/wp\/v2\/media?parent=35356"}],"wp:term":[{"taxonomy":"category","embeddable":true,"href":"https:\/\/www.gruen-wald.de\/wordpress\/wp-json\/wp\/v2\/categories?post=35356"},{"taxonomy":"post_tag","embeddable":true,"href":"https:\/\/www.gruen-wald.de\/wordpress\/wp-json\/wp\/v2\/tags?post=35356"}],"curies":[{"name":"wp","href":"https:\/\/api.w.org\/{rel}","templated":true}]}}